{"id":10878,"date":"2016-04-12T11:18:06","date_gmt":"2016-04-12T09:18:06","guid":{"rendered":"http:\/\/aomoi.net\/blogg\/?p=10878"},"modified":"2016-04-12T11:51:59","modified_gmt":"2016-04-12T09:51:59","slug":"dag-oivind-ostereng-melder-seg-ut-av-den-norske-kirke","status":"publish","type":"post","link":"https:\/\/aomoi.net\/blogg\/2016\/04\/dag-oivind-ostereng-melder-seg-ut-av-den-norske-kirke\/","title":{"rendered":"Dag \u00d8ivind \u00d8stereng melder seg ut av Den norske kirke"},"content":{"rendered":"<p>I g\u00e5r kveld kunngjorde Dag \u00d8ivind \u00d8stereng p\u00e5 sin Facebook-side at han gir opp kampen i Den norske kirke og melder seg ut. Jeg snakket med Dag \u00d8ivind om hans dilemma for flere \u00e5r siden, og har fulgt hans kamp (han har v\u00e6rt en av de viktigste lederne i <a href=\"https:\/\/no.wikipedia.org\/wiki\/Carissimi\">Carissimi<\/a>) ganske n\u00f8ye, bl.a. har han og familien hans bodd p\u00e5 J\u00e6ren en del \u00e5r n\u00e5, og sin siste stilling i DNkrk har han p\u00e5 <a href=\"https:\/\/no.wikipedia.org\/wiki\/Undheim\">Undheim<\/a> (i <a href=\"https:\/\/no.wikipedia.org\/wiki\/Time_(kommune)\">Time kommune<\/a>), der mor mi vokste opp. Jeg har mange ganger undret meg over hvor mye og hvor lenge han har holdt ut. Slik skriver han:<\/p>\n<blockquote><p>Den norske kirke har i dag vedtatt en ny l\u00e6re i v\u00e5r kirke. En l\u00e6re om at ekteskapet ikke er en ordning utelukkende for mann og kvinne, men skal forst\u00e5es kj\u00f8nnsn\u00f8ytralt, og at liturgier som m\u00e5lb\u00e6rer et ekteskap for likekj\u00f8nnede skal innf\u00f8res. Dette er en l\u00e6re som er i strid med Bibelen og en samlet kirkelig og \u00f8kumenisk tradisjon. Inntil i dag har det v\u00e6rt to syn p\u00e5 sp\u00f8rsm\u00e5let om likekj\u00f8nnet samliv. Det har v\u00e6rt en vanskelig debatt og et problematisk syn i kirken, men vi m\u00e5 kunne leve med debatt og uenighet i syn. Enheten har nemlig v\u00e6rt begrunnet i det faktum at kirken tross alt har hatt \u00e9n l\u00e6re og \u00e9n liturgi som har v\u00e6rt fastholdt gjennom kirkens vigselspraksis. I alle mine preste\u00e5r har jeg viet brudepar med ordene om at Bibelen sier at ekteskapet er hellig og ukrenkelig, og ord fra skapelsesfortellingen og av Jesus om at Guds vilje for ekteskapet ligger i kj\u00f8nnspolariteten som konstituerende for denne ordningen (Jfr. Matteus 19,4-6). Det \u00e5 oppl\u00f8se mann\/kvinne som grunncellen i ekteskapet er i strid med Guds \u00e5penbarte vilje og naturretten som kan avleses av skaperverket selv. Kirken har b\u00f8yet seg for en kj\u00f8nnsideologi som er i direkte strid med Bibelens ord og det jeg som prest er forpliktet p\u00e5. I dag er alts\u00e5 det nye at kirken har endret sin l\u00e6re. &#8230;<\/p>\n<p>Det er med stor sorg og dype kvaler, og samtidig med den ro som overbevisning gir, at jeg m\u00e5 meddele at jeg i l\u00f8pet av de n\u00e6rmeste ukene vil levere inn min oppsigelse og etter oppsigelsestiden tre ut av tjenesten som prest i Den norske kirke og likedan ut av Den norske kirke.<\/p><\/blockquote>\n<p>Etter det aktuelle <a href=\"https:\/\/www.facebook.com\/dagostereng\/posts\/487765318097842\">Facebook-innlegget<\/a> har ogs\u00e5 min venn Torkild Masvie skrevet om hva det koster \u00e5 gi opp jobb, inntekt, pensjon, bolig, kontaktnett osv som prest, og finne noe annet \u00e5 gj\u00f8re. For meg er det akkurat 22 \u00e5r siden jeg ga opp min lutherske prestetjeneste og opplevde hvor vanskelig det var. Torkild har ogs\u00e5 opplevd det samme, men jeg tror nok slike praktiske ting er grunnen til at mange prester i Den norske kirke fortsatt biter seg fast.<\/p>\n<p>B\u00e5de <a href=\"http:\/\/www.dagen.no\/Nyheter\/DEN-NORSKE-KIRKE\/Orker-ikke-mer-etter-ni-%C3%A5rs-kirkekamp-328541\">Dagen<\/a> og <a href=\"http:\/\/www.vl.no\/nyhet\/prest-melder-seg-ut-etter-vigsels-vedtak-1.710976\">V\u00e5rt Land<\/a> skriver om dette.<\/p>\n","protected":false},"excerpt":{"rendered":"<p>I g\u00e5r kveld kunngjorde Dag \u00d8ivind \u00d8stereng p\u00e5 sin Facebook-side at han gir opp kampen i Den norske kirke og melder seg ut. Jeg snakket med Dag \u00d8ivind om hans dilemma for flere \u00e5r siden, og har fulgt hans kamp (han har v\u00e6rt en av de viktigste lederne i Carissimi) ganske n\u00f8ye, bl.a. har han [&hellip;]<\/p>\n","protected":false},"author":2,"featured_media":0,"comment_status":"open","ping_status":"open","sticky":false,"template":"","format":"standard","meta":{"site-sidebar-layout":"default","site-content-layout":"","ast-site-content-layout":"default","site-content-style":"default","site-sidebar-style":"default","ast-global-header-display":"","ast-banner-title-visibility":"","ast-main-header-display":"","ast-hfb-above-header-display":"","ast-hfb-below-header-display":"","ast-hfb-mobile-header-display":"","site-post-title":"","ast-breadcrumbs-content":"","ast-featured-img":"","footer-sml-layout":"","ast-disable-related-posts":"","theme-transparent-header-meta":"","adv-header-id-meta":"","stick-header-meta":"","header-above-stick-meta":"","header-main-stick-meta":"","header-below-stick-meta":"","astra-migrate-meta-layouts":"default","ast-page-background-enabled":"default","ast-page-background-meta":{"desktop":{"background-color":"var(--ast-global-color-5)","background-image":"","background-repeat":"repeat","background-position":"center center","background-size":"auto","background-attachment":"scroll","background-type":"","background-media":"","overlay-type":"","overlay-color":"","overlay-opacity":"","overlay-gradient":""},"tablet":{"background-color":"","background-image":"","background-repeat":"repeat","background-position":"center center","background-size":"auto","background-attachment":"scroll","background-type":"","background-media":"","overlay-type":"","overlay-color":"","overlay-opacity":"","overlay-gradient":""},"mobile":{"background-color":"","background-image":"","background-repeat":"repeat","background-position":"center center","background-size":"auto","background-attachment":"scroll","background-type":"","background-media":"","overlay-type":"","overlay-color":"","overlay-opacity":"","overlay-gradient":""}},"ast-content-background-meta":{"desktop":{"background-color":"var(--ast-global-color-4)","background-image":"","background-repeat":"repeat","background-position":"center center","background-size":"auto","background-attachment":"scroll","background-type":"","background-media":"","overlay-type":"","overlay-color":"","overlay-opacity":"","overlay-gradient":""},"tablet":{"background-color":"var(--ast-global-color-4)","background-image":"","background-repeat":"repeat","background-position":"center center","background-size":"auto","background-attachment":"scroll","background-type":"","background-media":"","overlay-type":"","overlay-color":"","overlay-opacity":"","overlay-gradient":""},"mobile":{"background-color":"var(--ast-global-color-4)","background-image":"","background-repeat":"repeat","background-position":"center center","background-size":"auto","background-attachment":"scroll","background-type":"","background-media":"","overlay-type":"","overlay-color":"","overlay-opacity":"","overlay-gradient":""}},"footnotes":""},"categories":[4,14],"tags":[],"class_list":["post-10878","post","type-post","status-publish","format-standard","hentry","category-generelt","category-okumenikk"],"_links":{"self":[{"href":"https:\/\/aomoi.net\/blogg\/wp-json\/wp\/v2\/posts\/10878","targetHints":{"allow":["GET"]}}],"collection":[{"href":"https:\/\/aomoi.net\/blogg\/wp-json\/wp\/v2\/posts"}],"about":[{"href":"https:\/\/aomoi.net\/blogg\/wp-json\/wp\/v2\/types\/post"}],"author":[{"embeddable":true,"href":"https:\/\/aomoi.net\/blogg\/wp-json\/wp\/v2\/users\/2"}],"replies":[{"embeddable":true,"href":"https:\/\/aomoi.net\/blogg\/wp-json\/wp\/v2\/comments?post=10878"}],"version-history":[{"count":5,"href":"https:\/\/aomoi.net\/blogg\/wp-json\/wp\/v2\/posts\/10878\/revisions"}],"predecessor-version":[{"id":10883,"href":"https:\/\/aomoi.net\/blogg\/wp-json\/wp\/v2\/posts\/10878\/revisions\/10883"}],"wp:attachment":[{"href":"https:\/\/aomoi.net\/blogg\/wp-json\/wp\/v2\/media?parent=10878"}],"wp:term":[{"taxonomy":"category","embeddable":true,"href":"https:\/\/aomoi.net\/blogg\/wp-json\/wp\/v2\/categories?post=10878"},{"taxonomy":"post_tag","embeddable":true,"href":"https:\/\/aomoi.net\/blogg\/wp-json\/wp\/v2\/tags?post=10878"}],"curies":[{"name":"wp","href":"https:\/\/api.w.org\/{rel}","templated":true}]}}