{"id":11073,"date":"2016-05-03T12:41:38","date_gmt":"2016-05-03T10:41:38","guid":{"rendered":"http:\/\/aomoi.net\/blogg\/?p=11073"},"modified":"2016-05-03T22:11:38","modified_gmt":"2016-05-03T20:11:38","slug":"nyheter-fra-den-russisk-ortodokse-kirke","status":"publish","type":"post","link":"https:\/\/aomoi.net\/blogg\/2016\/05\/nyheter-fra-den-russisk-ortodokse-kirke\/","title":{"rendered":"Nyheter fra Den russisk-ortodokse kirke"},"content":{"rendered":"<p>Ortodokse kristne feiret p\u00e5skedag i forg\u00e5rs, alts\u00e5 uvanlig lenge etter den vestlige p\u00e5sken, mens det visst neste \u00e5r er sammenfall. Jeg har i \u00e5r merket denne tidsforskjellen veldig tydelig, siden vi har en stor gruppe eritreiske katolikker (Ge&#8217;ez ritus) som samles i St Hallvard kirke i Oslo, og de har markert fastetiden hver dag ukevis etter at p\u00e5skefeiringen for alle de andre gruppene i menigheten begynte. Sist uke var det ekstra tydelig, da de med mange og lange sanger og b\u00f8nner markerte Langfredag hele dagen i menighetssalen v\u00e5r.<\/p>\n<p><img loading=\"lazy\" decoding=\"async\" src=\"http:\/\/aomoi.net\/blogg\/bilder\/16mai_patriark_kirill-1.jpg\" alt=\"16mai_patriark_kirill\" width=\"500\" height=\"414\" class=\"aligncenter size-full wp-image-11075\" \/><\/p>\n<p><a href=\"http:\/\/www.aftenposten.no\/nyheter\/uriks\/Dystert-budskap-fra-patriarken---Verden-gar-rett-til-helvete-8450947.html\">Aftenposten skriver bl.a. om dette<\/a> i en artikkel om Den russisk-ortodokse kirke &#8211; en artikkel med en un\u00f8dvendig provoserende tittel. Der skriver de bl.a.:<\/p>\n<blockquote><p>S\u00f8ndag innledet 300 millioner ortodokse kristne feiring av sine st\u00f8rste og viktigste h\u00f8ytid, nemlig p\u00e5sken. Patriark Kirills p\u00e5skebudskap &#8211; vist p\u00e5 den russiske TV-stasjonen NTV s\u00f8ndag 1. mai &#8211; vil v\u00e6re viktig for flere millioner russere som i p\u00e5sken str\u00f8mmer til kirkene. &#8230;<\/p>\n<p>&#8230;Kirill (snakket om) &laquo;farene som truer den moderne sivilisasjonen&raquo;: &laquo;Hvis du \u00f8delegger det moralske fundamentet til en person, \u00f8delegger hans indre liv, s\u00e5 stopper mennesket \u00e5 v\u00e6re et menneske&raquo;, sa patriarken. Han viste spesielt til situasjonen i Europa.<\/p>\n<p>Sammen med Putin st\u00e5r Kirill sentralt i \u00e5 utvikle en ny russisk statsb\u00e6rende ideologi, som skal erstatte kommunismen og 90-\u00e5renes kaotiske liberale demokrati.<\/p>\n<p>Patriarken er langt fra den eneste som mener dette. Innen den ortodokse kirken er det mange som ser p\u00e5 Europas nyere utvikling, humanisme og &laquo;dyrking av mennesket&raquo; som en av de st\u00f8rste katastrofene i menneskets historie. &#8230;<\/p>\n<p>&#8230; Et av de viktigste argumentene if\u00f8lge den russiskortodokse kirken for at Europa er oppl\u00f8sning, er at homofiles rettigheter \u2013 samt str\u00f8mmen av muslimske migranter. &#8230;<\/p>\n<p>&#8230; Etter at kirken fikk innf\u00f8rt nye lover som skal stoppe &laquo;homofil propaganda&raquo;, er p\u00e5skens store kampsak \u00e5 forby abort. Den russiskortodokse kirken har som m\u00e5l \u00e5 samle inn en million underskrifter som st\u00f8tter et forbud mot abort.<\/p>\n<p>Kirken har opprettet 29 krisesentre for m\u00f8dre, hvor kvinner kan bo gratis de f\u00f8rste m\u00e5nedene etter f\u00f8dselen \u2013 og overlate barnet til kirkens barnehjem n\u00e5r de vil.<\/p>\n<p>&laquo;Jeg sier til prestene at de skal fortelle kvinnene at vi kan ta imot barna, men at de fortsatt er moren. De kan komme n\u00e5r som helst og hente barnet tilbake&raquo;, sa Kirill i p\u00e5skeintervjuet. &#8230;<\/p><\/blockquote>\n<p>Jeg har pr\u00f8vd \u00e5 finne et mer fyldig og seri\u00f8st referat av dette intervjuet, men har s\u00e5 langt ikke lyktes &#8211; <a href=\"http:\/\/www.pravmir.com\/patriarch-kirill-calls-inflow-of-refugees-to-europe-colossal-challenge\/\">har bare funnet dette<\/a>.<\/p>\n","protected":false},"excerpt":{"rendered":"<p>Ortodokse kristne feiret p\u00e5skedag i forg\u00e5rs, alts\u00e5 uvanlig lenge etter den vestlige p\u00e5sken, mens det visst neste \u00e5r er sammenfall. Jeg har i \u00e5r merket denne tidsforskjellen veldig tydelig, siden vi har en stor gruppe eritreiske katolikker (Ge&#8217;ez ritus) som samles i St Hallvard kirke i Oslo, og de har markert fastetiden hver dag ukevis [&hellip;]<\/p>\n","protected":false},"author":2,"featured_media":0,"comment_status":"open","ping_status":"open","sticky":false,"template":"","format":"standard","meta":{"site-sidebar-layout":"default","site-content-layout":"","ast-site-content-layout":"default","site-content-style":"default","site-sidebar-style":"default","ast-global-header-display":"","ast-banner-title-visibility":"","ast-main-header-display":"","ast-hfb-above-header-display":"","ast-hfb-below-header-display":"","ast-hfb-mobile-header-display":"","site-post-title":"","ast-breadcrumbs-content":"","ast-featured-img":"","footer-sml-layout":"","ast-disable-related-posts":"","theme-transparent-header-meta":"","adv-header-id-meta":"","stick-header-meta":"","header-above-stick-meta":"","header-main-stick-meta":"","header-below-stick-meta":"","astra-migrate-meta-layouts":"default","ast-page-background-enabled":"default","ast-page-background-meta":{"desktop":{"background-color":"var(--ast-global-color-5)","background-image":"","background-repeat":"repeat","background-position":"center center","background-size":"auto","background-attachment":"scroll","background-type":"","background-media":"","overlay-type":"","overlay-color":"","overlay-opacity":"","overlay-gradient":""},"tablet":{"background-color":"","background-image":"","background-repeat":"repeat","background-position":"center center","background-size":"auto","background-attachment":"scroll","background-type":"","background-media":"","overlay-type":"","overlay-color":"","overlay-opacity":"","overlay-gradient":""},"mobile":{"background-color":"","background-image":"","background-repeat":"repeat","background-position":"center center","background-size":"auto","background-attachment":"scroll","background-type":"","background-media":"","overlay-type":"","overlay-color":"","overlay-opacity":"","overlay-gradient":""}},"ast-content-background-meta":{"desktop":{"background-color":"var(--ast-global-color-4)","background-image":"","background-repeat":"repeat","background-position":"center center","background-size":"auto","background-attachment":"scroll","background-type":"","background-media":"","overlay-type":"","overlay-color":"","overlay-opacity":"","overlay-gradient":""},"tablet":{"background-color":"var(--ast-global-color-4)","background-image":"","background-repeat":"repeat","background-position":"center center","background-size":"auto","background-attachment":"scroll","background-type":"","background-media":"","overlay-type":"","overlay-color":"","overlay-opacity":"","overlay-gradient":""},"mobile":{"background-color":"var(--ast-global-color-4)","background-image":"","background-repeat":"repeat","background-position":"center center","background-size":"auto","background-attachment":"scroll","background-type":"","background-media":"","overlay-type":"","overlay-color":"","overlay-opacity":"","overlay-gradient":""}},"footnotes":""},"categories":[4,14],"tags":[],"class_list":["post-11073","post","type-post","status-publish","format-standard","hentry","category-generelt","category-okumenikk"],"_links":{"self":[{"href":"https:\/\/aomoi.net\/blogg\/wp-json\/wp\/v2\/posts\/11073","targetHints":{"allow":["GET"]}}],"collection":[{"href":"https:\/\/aomoi.net\/blogg\/wp-json\/wp\/v2\/posts"}],"about":[{"href":"https:\/\/aomoi.net\/blogg\/wp-json\/wp\/v2\/types\/post"}],"author":[{"embeddable":true,"href":"https:\/\/aomoi.net\/blogg\/wp-json\/wp\/v2\/users\/2"}],"replies":[{"embeddable":true,"href":"https:\/\/aomoi.net\/blogg\/wp-json\/wp\/v2\/comments?post=11073"}],"version-history":[{"count":6,"href":"https:\/\/aomoi.net\/blogg\/wp-json\/wp\/v2\/posts\/11073\/revisions"}],"predecessor-version":[{"id":11086,"href":"https:\/\/aomoi.net\/blogg\/wp-json\/wp\/v2\/posts\/11073\/revisions\/11086"}],"wp:attachment":[{"href":"https:\/\/aomoi.net\/blogg\/wp-json\/wp\/v2\/media?parent=11073"}],"wp:term":[{"taxonomy":"category","embeddable":true,"href":"https:\/\/aomoi.net\/blogg\/wp-json\/wp\/v2\/categories?post=11073"},{"taxonomy":"post_tag","embeddable":true,"href":"https:\/\/aomoi.net\/blogg\/wp-json\/wp\/v2\/tags?post=11073"}],"curies":[{"name":"wp","href":"https:\/\/api.w.org\/{rel}","templated":true}]}}