{"id":11625,"date":"2016-11-02T21:05:01","date_gmt":"2016-11-02T19:05:01","guid":{"rendered":"http:\/\/aomoi.net\/blogg\/?p=11625"},"modified":"2016-11-03T09:12:51","modified_gmt":"2016-11-03T07:12:51","slug":"hap-og-noe-tvil-etter-pavens-besok-i-sverige","status":"publish","type":"post","link":"https:\/\/aomoi.net\/blogg\/2016\/11\/hap-og-noe-tvil-etter-pavens-besok-i-sverige\/","title":{"rendered":"H\u00e5p og (noe) tvil etter pavens bes\u00f8k i Sverige"},"content":{"rendered":"<p><img loading=\"lazy\" decoding=\"async\" src=\"http:\/\/aomoi.net\/blogg\/bilder\/16okt31_pave_sverige.jpg\" alt=\"16okt31_pave_sverige\" width=\"642\" height=\"569\" class=\"aligncenter size-full wp-image-11627\" \/><\/p>\n<p>Pave Frans har nylig v\u00e6rt i Sverige, i Lund og Malm\u00f6, og <a href=\"http:\/\/www.vl.no\/nyhet\/har-store-forventninger-til-pave-effekten-1.799820\">en artikkel i V\u00e5rt Land<\/a> beskriver b\u00e5de det veldig positive og h\u00e5pefulle ved m\u00f8tene paven hadde med flere protestantiske ledere (som Sveriges kvinnelige erkebiskop i bildet over), og det noe mer n\u00f8kterne; om hva dette kan bety for \u00f8kumenikken i \u00e5rene som kommer. De skriver bl.a.:<\/p>\n<blockquote><p>&#8230; Generalsekret\u00e6r Olav Fykse Tveit i Kirkenes Verdensr\u00e5d (KV) kaller det katolsk\/lutherske forsoningsm\u00f8tet i Sverige et momentum, et mulighetenes \u00f8yeblikk i det felleskirkelige arbeidet &#8230; I gudstjenesten ble det ved symbolhandlinger og taler understreket at det er mer som forener enn som skiller de to kirkene.<\/p>\n<p>En felleserkl\u00e6ring der paven og Det lutherske verdensforbunds ledelse lover intensivert arbeid for kristen enhet, ble undertegnet. N\u00e5 skal mange hundre\u00e5r med splittelse, konflikt og polemikk erstattes av en felles forsoningens vei preget av forst\u00e5else og vilje til ta hverandre i beste mening. <\/p>\n<p>Flere kommentatorer mener de siste par dagers begivenheter i S\u00f8r-Sverige er symbolsk viktige, men at dette ikke n\u00f8dvendigvis vil f\u00f8re til s\u00e5 store fremskritt i dialogen mellom Den katolske kirke og den lutherske kirkefamilien.<\/p>\n<p>Det blir innvendt at det ikke er laget en tidsplan for \u00e5 l\u00f8se de store stridssp\u00f8rsm\u00e5lene som gjenst\u00e5r mellom de to kirketradisjonene. De uavklarte temaene handler f\u00f8rst om fremst om kirkeforst\u00e5else, presteembetet og nattverden. Olav Fykse Tveit mener fellesmarkeringen p\u00e5 \u00e5rets reformasjonsdag vil f\u00e5 stor betydning. Han forventer at dette vil v\u00e6re til at kristne i ulike kirker ikke lenger er \u00abredde for samarbeid og fellesskap\u00bb. &#8230;<\/p>\n<p>&#8230; Sandro Magister, italiensk kommentator og Vatikan-spesialist, sier at ingen tidligere pave har vist s\u00e5 varm sympati for Luther som Frans. Men han er mindre opptatt av teologi enn sin forgjenger i pavestolen, sier han til Kristeligt Dagblad. Pave Frans \u00f8kumeniske linje g\u00e5r ut p\u00e5 \u00e5 omfavne, klemme og gj\u00f8re gode humanit\u00e6re gjerninger sammen. Uansett hvor avgrunnsdype de teologiske diskusjonene m\u00e5tte v\u00e6re, s\u00e5 overlater han dem til teologene &#8230;<\/p>\n<p>&#8230;. I Dagens Nyheter kom det for \u00f8vrig tirsdag fram at kardinal Kurt Koch, lederen av Den katolske kirkes \u00f8kumeniske arbeid, mener dialogen vanskeliggj\u00f8res av at den lutherske kirke i Sverige i dag ledes av en kvinnelig erkebiskop. Den katolske kirke sier nei til kvinners prestetjeneste. &#8230;.<\/p>\n<p>Det er de siste dagene ogs\u00e5 p\u00e5pekt at blant andre de nordiske, lutherske folkekirkenes holdning til homofili og likekj\u00f8nnede ekteskap vanskeliggj\u00f8r relasjonen til Den katolske kirke.<\/p><\/blockquote>\n","protected":false},"excerpt":{"rendered":"<p>Pave Frans har nylig v\u00e6rt i Sverige, i Lund og Malm\u00f6, og en artikkel i V\u00e5rt Land beskriver b\u00e5de det veldig positive og h\u00e5pefulle ved m\u00f8tene paven hadde med flere protestantiske ledere (som Sveriges kvinnelige erkebiskop i bildet over), og det noe mer n\u00f8kterne; om hva dette kan bety for \u00f8kumenikken i \u00e5rene som kommer. [&hellip;]<\/p>\n","protected":false},"author":2,"featured_media":0,"comment_status":"open","ping_status":"open","sticky":false,"template":"","format":"standard","meta":{"site-sidebar-layout":"default","site-content-layout":"","ast-site-content-layout":"default","site-content-style":"default","site-sidebar-style":"default","ast-global-header-display":"","ast-banner-title-visibility":"","ast-main-header-display":"","ast-hfb-above-header-display":"","ast-hfb-below-header-display":"","ast-hfb-mobile-header-display":"","site-post-title":"","ast-breadcrumbs-content":"","ast-featured-img":"","footer-sml-layout":"","ast-disable-related-posts":"","theme-transparent-header-meta":"","adv-header-id-meta":"","stick-header-meta":"","header-above-stick-meta":"","header-main-stick-meta":"","header-below-stick-meta":"","astra-migrate-meta-layouts":"default","ast-page-background-enabled":"default","ast-page-background-meta":{"desktop":{"background-color":"var(--ast-global-color-5)","background-image":"","background-repeat":"repeat","background-position":"center center","background-size":"auto","background-attachment":"scroll","background-type":"","background-media":"","overlay-type":"","overlay-color":"","overlay-opacity":"","overlay-gradient":""},"tablet":{"background-color":"","background-image":"","background-repeat":"repeat","background-position":"center center","background-size":"auto","background-attachment":"scroll","background-type":"","background-media":"","overlay-type":"","overlay-color":"","overlay-opacity":"","overlay-gradient":""},"mobile":{"background-color":"","background-image":"","background-repeat":"repeat","background-position":"center center","background-size":"auto","background-attachment":"scroll","background-type":"","background-media":"","overlay-type":"","overlay-color":"","overlay-opacity":"","overlay-gradient":""}},"ast-content-background-meta":{"desktop":{"background-color":"var(--ast-global-color-4)","background-image":"","background-repeat":"repeat","background-position":"center center","background-size":"auto","background-attachment":"scroll","background-type":"","background-media":"","overlay-type":"","overlay-color":"","overlay-opacity":"","overlay-gradient":""},"tablet":{"background-color":"var(--ast-global-color-4)","background-image":"","background-repeat":"repeat","background-position":"center center","background-size":"auto","background-attachment":"scroll","background-type":"","background-media":"","overlay-type":"","overlay-color":"","overlay-opacity":"","overlay-gradient":""},"mobile":{"background-color":"var(--ast-global-color-4)","background-image":"","background-repeat":"repeat","background-position":"center center","background-size":"auto","background-attachment":"scroll","background-type":"","background-media":"","overlay-type":"","overlay-color":"","overlay-opacity":"","overlay-gradient":""}},"footnotes":""},"categories":[14],"tags":[],"class_list":["post-11625","post","type-post","status-publish","format-standard","hentry","category-okumenikk"],"_links":{"self":[{"href":"https:\/\/aomoi.net\/blogg\/wp-json\/wp\/v2\/posts\/11625","targetHints":{"allow":["GET"]}}],"collection":[{"href":"https:\/\/aomoi.net\/blogg\/wp-json\/wp\/v2\/posts"}],"about":[{"href":"https:\/\/aomoi.net\/blogg\/wp-json\/wp\/v2\/types\/post"}],"author":[{"embeddable":true,"href":"https:\/\/aomoi.net\/blogg\/wp-json\/wp\/v2\/users\/2"}],"replies":[{"embeddable":true,"href":"https:\/\/aomoi.net\/blogg\/wp-json\/wp\/v2\/comments?post=11625"}],"version-history":[{"count":4,"href":"https:\/\/aomoi.net\/blogg\/wp-json\/wp\/v2\/posts\/11625\/revisions"}],"predecessor-version":[{"id":11630,"href":"https:\/\/aomoi.net\/blogg\/wp-json\/wp\/v2\/posts\/11625\/revisions\/11630"}],"wp:attachment":[{"href":"https:\/\/aomoi.net\/blogg\/wp-json\/wp\/v2\/media?parent=11625"}],"wp:term":[{"taxonomy":"category","embeddable":true,"href":"https:\/\/aomoi.net\/blogg\/wp-json\/wp\/v2\/categories?post=11625"},{"taxonomy":"post_tag","embeddable":true,"href":"https:\/\/aomoi.net\/blogg\/wp-json\/wp\/v2\/tags?post=11625"}],"curies":[{"name":"wp","href":"https:\/\/api.w.org\/{rel}","templated":true}]}}