{"id":12683,"date":"2018-05-21T14:58:52","date_gmt":"2018-05-21T12:58:52","guid":{"rendered":"http:\/\/aomoi.net\/blogg\/?p=12683"},"modified":"2018-05-22T15:05:02","modified_gmt":"2018-05-22T13:05:02","slug":"ny-minnedag-for-maria-kirkens-mor","status":"publish","type":"post","link":"https:\/\/aomoi.net\/blogg\/2018\/05\/ny-minnedag-for-maria-kirkens-mor\/","title":{"rendered":"Ny minnedag for Maria, Kirkens mor"},"content":{"rendered":"<p>Det ble tidligere i \u00e5r opprettet en ny minnedag, som skal feires hvert \u00e5r 2. pinsedag (men man kan fortsatt ha en pinsefokus p\u00e5 denne dagen, hvis det er \u00f8nskelig). Tekstene for denne minne dagen <a href=\"http:\/\/liturgi.info\/P8M\">finner man her<\/a>, og tekstene for votivmessen for den salige Maria, Kirkens mor skal brukes, se under.<\/p>\n<p><strong>DEN SALIGE JOMFRU MARIA, KIRKENS MOR<\/strong><\/p>\n<p><span style=\"color: #ff0000;\">Inngangsvers Jf. Apg 1,14<\/span><br \/>\nDisiplene holdt trofast sammen i b\u00f8nn, sammen med Maria, Jesu mor.<\/p>\n<p><span style=\"color: #ff0000;\">Kollektb\u00f8nn<\/span><br \/>\nGud, all miskunns Far,<br \/>\nda din enb\u00e5rne S\u00f8nn hang p\u00e5 korset,<br \/>\ngav han oss til mor sin egen mor, den salige Jomfru Maria.<br \/>\nGj\u00f8r din Kirke fruktbar p\u00e5 hennes kj\u00e6rlige forb\u00f8nn,<br \/>\ns\u00e5 den kan favne stadig nye folkeslag og glede seg i sine barns hellighet.<br \/>\nVed v\u00e5r Herre &#8230;<\/p>\n<p><span style=\"color: #ff0000;\">B\u00f8nn over offergavene<\/span><br \/>\nHerre, ta imot v\u00e5rt offer.<br \/>\nLa dets frelsende kraft og Jomfru Marias kj\u00e6rlighet oppflamme v\u00e5re hjerter,<br \/>\ns\u00e5 vi, sammen med henne som er Kirkens mor,<br \/>\nblir knyttet stadig sterkere til ditt frelsesverk.<br \/>\nVed Kristus, v\u00e5r Herre.<\/p>\n<p><span style=\"color: #ff0000;\">Prefasjon: Maria, Kirkens forbilde og mor<\/span><\/p>\n<p>I sannhet, det er verdig og rett, v\u00e5r skyldighet og v\u00e5r frelse,<br \/>\nat vi alltid og alle vegne takker deg,<br \/>\nHerre, hellige Fader, allmektige, evige Gud,<br \/>\nog priser deg med lovsang,<br \/>\nmens vi feirer den salige Jomfru Maria.<br \/>\nHun tok imot ditt ord i sitt rene hjerte,<br \/>\nog unnfanget det i sitt jomfruelige skj\u00f8d.<br \/>\nHun f\u00f8dte sin skaper,<br \/>\nog s\u00e5ledes satte hun Kirken inn i verden.<br \/>\nVed korset fikk hun i oppdrag \u00e5 gi Guds kj\u00e6rlighet videre,<br \/>\nog tok alle mennesker til seg som sine barn,<br \/>\nde som ved Kristi d\u00f8d er f\u00f8dt til evig liv.<br \/>\nMens apostlene ventet p\u00e5 den \u00c5nd du hadde lovet,<br \/>\nforenet hun seg med dem i b\u00f8nn,<br \/>\nog slik ble hun den bedende Kirkes forbilde.<br \/>\nHun ble l\u00f8ftet opp til himmelens herlighet,<br \/>\nhvor hun med en mors kj\u00e6rlighet f\u00f8lger Kirken<br \/>\np\u00e5 dens vandring skritt for skritt mot det evige fedreland,<br \/>\ninntil Herrens herlige dag opprinner.<br \/>\nDerfor priser vi deg med alle engler og hellige,<br \/>\nidet vi alle dager istemmer:<\/p>\n<p>Hellig, hellig, hellig &#8230;<\/p>\n<p><span style=\"color: #ff0000;\">Kommunionsvers Jf. Joh 2,1.11<\/span><br \/>\nDet var et bryllup i Kana i Galilea, og Jesu mor var der.<br \/>\nDa gjorde Jesus sitt f\u00f8rste tegn.<br \/>\nHan \u00e5penbarte sin herlighet, og disiplene hans trodde p\u00e5 ham<\/p>\n<p><span style=\"color: #ff0000;\">Eller: Jf. Joh 19.26-27<\/span><br \/>\nDa Jesus hang p\u00e5 korset, sa han til disippelen han elsket:<br \/>\nDette er din mor.<\/p>\n<p><span style=\"color: #ff0000;\">B\u00f8nn etter kommunion<\/span><br \/>\nHerre, vi har mottatt pantet p\u00e5 v\u00e5r gjenl\u00f8sning og p\u00e5 det evige liv.<br \/>\nVi ber at din Kirke, med hjelp fra Maria, v\u00e5r mor,<br \/>\nm\u00e5 forkynne Evangeliet for alle folk<br \/>\nog ut\u00f8se din \u00c5nd over all jorden.<br \/>\nVed Kristus, v\u00e5r Herre.<\/p>\n","protected":false},"excerpt":{"rendered":"<p>Det ble tidligere i \u00e5r opprettet en ny minnedag, som skal feires hvert \u00e5r 2. pinsedag (men man kan fortsatt ha en pinsefokus p\u00e5 denne dagen, hvis det er \u00f8nskelig). Tekstene for denne minne dagen finner man her, og tekstene for votivmessen for den salige Maria, Kirkens mor skal brukes, se under. DEN SALIGE JOMFRU [&hellip;]<\/p>\n","protected":false},"author":2,"featured_media":0,"comment_status":"open","ping_status":"open","sticky":false,"template":"","format":"standard","meta":{"site-sidebar-layout":"default","site-content-layout":"","ast-site-content-layout":"default","site-content-style":"default","site-sidebar-style":"default","ast-global-header-display":"","ast-banner-title-visibility":"","ast-main-header-display":"","ast-hfb-above-header-display":"","ast-hfb-below-header-display":"","ast-hfb-mobile-header-display":"","site-post-title":"","ast-breadcrumbs-content":"","ast-featured-img":"","footer-sml-layout":"","ast-disable-related-posts":"","theme-transparent-header-meta":"","adv-header-id-meta":"","stick-header-meta":"","header-above-stick-meta":"","header-main-stick-meta":"","header-below-stick-meta":"","astra-migrate-meta-layouts":"default","ast-page-background-enabled":"default","ast-page-background-meta":{"desktop":{"background-color":"var(--ast-global-color-5)","background-image":"","background-repeat":"repeat","background-position":"center center","background-size":"auto","background-attachment":"scroll","background-type":"","background-media":"","overlay-type":"","overlay-color":"","overlay-opacity":"","overlay-gradient":""},"tablet":{"background-color":"","background-image":"","background-repeat":"repeat","background-position":"center center","background-size":"auto","background-attachment":"scroll","background-type":"","background-media":"","overlay-type":"","overlay-color":"","overlay-opacity":"","overlay-gradient":""},"mobile":{"background-color":"","background-image":"","background-repeat":"repeat","background-position":"center center","background-size":"auto","background-attachment":"scroll","background-type":"","background-media":"","overlay-type":"","overlay-color":"","overlay-opacity":"","overlay-gradient":""}},"ast-content-background-meta":{"desktop":{"background-color":"var(--ast-global-color-4)","background-image":"","background-repeat":"repeat","background-position":"center center","background-size":"auto","background-attachment":"scroll","background-type":"","background-media":"","overlay-type":"","overlay-color":"","overlay-opacity":"","overlay-gradient":""},"tablet":{"background-color":"var(--ast-global-color-4)","background-image":"","background-repeat":"repeat","background-position":"center center","background-size":"auto","background-attachment":"scroll","background-type":"","background-media":"","overlay-type":"","overlay-color":"","overlay-opacity":"","overlay-gradient":""},"mobile":{"background-color":"var(--ast-global-color-4)","background-image":"","background-repeat":"repeat","background-position":"center center","background-size":"auto","background-attachment":"scroll","background-type":"","background-media":"","overlay-type":"","overlay-color":"","overlay-opacity":"","overlay-gradient":""}},"footnotes":""},"categories":[3,11],"tags":[],"class_list":["post-12683","post","type-post","status-publish","format-standard","hentry","category-katolsk","category-liturgi"],"_links":{"self":[{"href":"https:\/\/aomoi.net\/blogg\/wp-json\/wp\/v2\/posts\/12683","targetHints":{"allow":["GET"]}}],"collection":[{"href":"https:\/\/aomoi.net\/blogg\/wp-json\/wp\/v2\/posts"}],"about":[{"href":"https:\/\/aomoi.net\/blogg\/wp-json\/wp\/v2\/types\/post"}],"author":[{"embeddable":true,"href":"https:\/\/aomoi.net\/blogg\/wp-json\/wp\/v2\/users\/2"}],"replies":[{"embeddable":true,"href":"https:\/\/aomoi.net\/blogg\/wp-json\/wp\/v2\/comments?post=12683"}],"version-history":[{"count":2,"href":"https:\/\/aomoi.net\/blogg\/wp-json\/wp\/v2\/posts\/12683\/revisions"}],"predecessor-version":[{"id":12685,"href":"https:\/\/aomoi.net\/blogg\/wp-json\/wp\/v2\/posts\/12683\/revisions\/12685"}],"wp:attachment":[{"href":"https:\/\/aomoi.net\/blogg\/wp-json\/wp\/v2\/media?parent=12683"}],"wp:term":[{"taxonomy":"category","embeddable":true,"href":"https:\/\/aomoi.net\/blogg\/wp-json\/wp\/v2\/categories?post=12683"},{"taxonomy":"post_tag","embeddable":true,"href":"https:\/\/aomoi.net\/blogg\/wp-json\/wp\/v2\/tags?post=12683"}],"curies":[{"name":"wp","href":"https:\/\/api.w.org\/{rel}","templated":true}]}}