{"id":130,"date":"2010-05-10T11:07:19","date_gmt":"2010-05-10T09:07:19","guid":{"rendered":"http:\/\/aomoi.net\/blogg\/?p=130"},"modified":"2010-07-09T11:08:05","modified_gmt":"2010-07-09T09:08:05","slug":"den-tradisjonelle-latinske-messen-kommer-tilbake-til-fatima","status":"publish","type":"post","link":"https:\/\/aomoi.net\/blogg\/2010\/05\/den-tradisjonelle-latinske-messen-kommer-tilbake-til-fatima\/","title":{"rendered":"Den tradisjonelle latinske messen kommer tilbake til Fatima"},"content":{"rendered":"<p>The <a href=\"http:\/\/www.canons-regular.org\/\">Canons Regular of St. John Cantius<\/a> (i Chicago) er en gruppe prester som feirer b\u00e5de den gamle og den nye katolske messen. Jeg har stor respekt for dem, og syns at de med p\u00e5 \u00e5 berike v\u00e5r Kirke. De er ikke negative eller ekstreme p\u00e5 noen m\u00e5te (s\u00e5 langt jeg kjenner dem), men de arbeider for \u00e5 gj\u00f8re Kirken og liturgien rikere p\u00e5 en konstruktiv og positiv m\u00e5te. Med den bakgrunnen vil jeg gjerne bringe videre <a href=\"http:\/\/rorate-caeli.blogspot.com\/2010\/05\/traditional-mass-returns-to-fatima.html\">f\u00f8lgende nyhet<\/a>:<\/p>\n<p><i><font color=\"#333399\">The Canons Regular of St. John Cantius (Archdiocese of Chicago) are leading a pilgrimage in September, 2010 to Fatima, Portugal to help achieve the restoration off the Traditional Latin Mass to the Sanctuary of Our Lady of Fatima.<\/p>\n<p>Included in this pilgrimage to the Fatima apparition sites will be a liturgical conference in Fatima providing clergy and laity with lectures on the history, spirituality, and mystical theology of the Classical Roman Rite.<\/p>\n<p>On September 10 the Canons will celebrate a Solemn High Latin Mass (1962 Missale Romanum) at the High Altar of Fatima\u2019s Basilica. This will be the first time in some 45 years that the High Altar has been used to celebrate the Traditional Mass.<\/font><\/i><\/p>\n","protected":false},"excerpt":{"rendered":"<p>The Canons Regular of St. John Cantius (i Chicago) er en gruppe prester som feirer b\u00e5de den gamle og den nye katolske messen. Jeg har stor respekt for dem, og syns at de med p\u00e5 \u00e5 berike v\u00e5r Kirke. De er ikke negative eller ekstreme p\u00e5 noen m\u00e5te (s\u00e5 langt jeg kjenner dem), men de [&hellip;]<\/p>\n","protected":false},"author":2,"featured_media":0,"comment_status":"open","ping_status":"open","sticky":false,"template":"","format":"standard","meta":{"site-sidebar-layout":"default","site-content-layout":"","ast-site-content-layout":"default","site-content-style":"default","site-sidebar-style":"default","ast-global-header-display":"","ast-banner-title-visibility":"","ast-main-header-display":"","ast-hfb-above-header-display":"","ast-hfb-below-header-display":"","ast-hfb-mobile-header-display":"","site-post-title":"","ast-breadcrumbs-content":"","ast-featured-img":"","footer-sml-layout":"","ast-disable-related-posts":"","theme-transparent-header-meta":"","adv-header-id-meta":"","stick-header-meta":"","header-above-stick-meta":"","header-main-stick-meta":"","header-below-stick-meta":"","astra-migrate-meta-layouts":"default","ast-page-background-enabled":"default","ast-page-background-meta":{"desktop":{"background-color":"var(--ast-global-color-5)","background-image":"","background-repeat":"repeat","background-position":"center center","background-size":"auto","background-attachment":"scroll","background-type":"","background-media":"","overlay-type":"","overlay-color":"","overlay-opacity":"","overlay-gradient":""},"tablet":{"background-color":"","background-image":"","background-repeat":"repeat","background-position":"center center","background-size":"auto","background-attachment":"scroll","background-type":"","background-media":"","overlay-type":"","overlay-color":"","overlay-opacity":"","overlay-gradient":""},"mobile":{"background-color":"","background-image":"","background-repeat":"repeat","background-position":"center center","background-size":"auto","background-attachment":"scroll","background-type":"","background-media":"","overlay-type":"","overlay-color":"","overlay-opacity":"","overlay-gradient":""}},"ast-content-background-meta":{"desktop":{"background-color":"var(--ast-global-color-4)","background-image":"","background-repeat":"repeat","background-position":"center center","background-size":"auto","background-attachment":"scroll","background-type":"","background-media":"","overlay-type":"","overlay-color":"","overlay-opacity":"","overlay-gradient":""},"tablet":{"background-color":"var(--ast-global-color-4)","background-image":"","background-repeat":"repeat","background-position":"center center","background-size":"auto","background-attachment":"scroll","background-type":"","background-media":"","overlay-type":"","overlay-color":"","overlay-opacity":"","overlay-gradient":""},"mobile":{"background-color":"var(--ast-global-color-4)","background-image":"","background-repeat":"repeat","background-position":"center center","background-size":"auto","background-attachment":"scroll","background-type":"","background-media":"","overlay-type":"","overlay-color":"","overlay-opacity":"","overlay-gradient":""}},"footnotes":""},"categories":[11,12],"tags":[],"class_list":["post-130","post","type-post","status-publish","format-standard","hentry","category-liturgi","category-tlm"],"_links":{"self":[{"href":"https:\/\/aomoi.net\/blogg\/wp-json\/wp\/v2\/posts\/130","targetHints":{"allow":["GET"]}}],"collection":[{"href":"https:\/\/aomoi.net\/blogg\/wp-json\/wp\/v2\/posts"}],"about":[{"href":"https:\/\/aomoi.net\/blogg\/wp-json\/wp\/v2\/types\/post"}],"author":[{"embeddable":true,"href":"https:\/\/aomoi.net\/blogg\/wp-json\/wp\/v2\/users\/2"}],"replies":[{"embeddable":true,"href":"https:\/\/aomoi.net\/blogg\/wp-json\/wp\/v2\/comments?post=130"}],"version-history":[{"count":0,"href":"https:\/\/aomoi.net\/blogg\/wp-json\/wp\/v2\/posts\/130\/revisions"}],"wp:attachment":[{"href":"https:\/\/aomoi.net\/blogg\/wp-json\/wp\/v2\/media?parent=130"}],"wp:term":[{"taxonomy":"category","embeddable":true,"href":"https:\/\/aomoi.net\/blogg\/wp-json\/wp\/v2\/categories?post=130"},{"taxonomy":"post_tag","embeddable":true,"href":"https:\/\/aomoi.net\/blogg\/wp-json\/wp\/v2\/tags?post=130"}],"curies":[{"name":"wp","href":"https:\/\/api.w.org\/{rel}","templated":true}]}}