{"id":1459,"date":"2011-06-16T23:04:33","date_gmt":"2011-06-16T21:04:33","guid":{"rendered":"http:\/\/aomoi.net\/blogg\/?p=1459"},"modified":"2011-06-17T00:19:13","modified_gmt":"2011-06-16T22:19:13","slug":"et-ordinariat-for-anglikanere-i-usa-opprettes-i-host","status":"publish","type":"post","link":"https:\/\/aomoi.net\/blogg\/2011\/06\/et-ordinariat-for-anglikanere-i-usa-opprettes-i-host\/","title":{"rendered":"Et ordinariat for anglikanere i USA opprettes i h\u00f8st"},"content":{"rendered":"<p>I dag la kardinal Wuerl fram en rapport om hva som kommer til \u00e5 skje med angikanere (episcopale) i USA som \u00f8nsker \u00e5 bli katolikker. Ordinariatet der vil starte i h\u00f8st (oktober?) og han sier en hel del om hva som skal skje med de anglikanske prestene &#8211; prosessen blir litt annerledes enn i Engand, Et ordinariat i Canada vil ogs\u00e5 opprettes p\u00e5 slutten av \u00e5ret,  mens Australia vil komme etter (tidlig?) i 2012. <a href=\"http:\/\/catholicusanglicanus.wordpress.com\/2011\/06\/16\/the-us-ordinariate\">Her er en  oppsummering<\/a> av kardinalens presentasjon;<\/p>\n<blockquote><p>* There will be an Ordinariate.<br \/>\n* The clergy will be trained according to their needs: an accelerated 9-month course, a longer period of training, or the requirement would supposedly be waived for those judged to be adequately trained.<br \/>\n* Priests will be individually screened by the CDF, undergo psychological evaluation and background checks.<br \/>\n* Priests will be required to resign from their Anglican jurisdictions.<br \/>\n* Parish catechesis will be done by the Anglican priests with help from Catholic priests.<br \/>\n* The Ordinary is not yet named.<br \/>\n* <strong>Diaconal ordinations will occur once the candidate is approved and resigned from his Anglican jurisdiction, and will be ordained a priest when the parish\/group will be received.<\/strong><br \/>\n* Cardinal Wuerl has asked the American bishops \u201cas much as possible to facilitate a speedy and generous welcome\u201d.<br \/>\n* The Holy See wants to establish the Ordinariate by this fall.<br \/>\n* There will be a written statement of intention and a profession of faith for all those who will enter the Ordinariate.<\/p><\/blockquote>\n<p>Hele kardinal Wuerls presentasjon <a href=\"http:\/\/www.theanglocatholic.com\/2011\/06\/text-of-cardinal-wuerls-report\/\">kan leses her<\/a>.<\/p>\n","protected":false},"excerpt":{"rendered":"<p>I dag la kardinal Wuerl fram en rapport om hva som kommer til \u00e5 skje med angikanere (episcopale) i USA som \u00f8nsker \u00e5 bli katolikker. Ordinariatet der vil starte i h\u00f8st (oktober?) og han sier en hel del om hva som skal skje med de anglikanske prestene &#8211; prosessen blir litt annerledes enn i Engand, [&hellip;]<\/p>\n","protected":false},"author":2,"featured_media":0,"comment_status":"open","ping_status":"open","sticky":false,"template":"","format":"standard","meta":{"site-sidebar-layout":"default","site-content-layout":"","ast-site-content-layout":"default","site-content-style":"default","site-sidebar-style":"default","ast-global-header-display":"","ast-banner-title-visibility":"","ast-main-header-display":"","ast-hfb-above-header-display":"","ast-hfb-below-header-display":"","ast-hfb-mobile-header-display":"","site-post-title":"","ast-breadcrumbs-content":"","ast-featured-img":"","footer-sml-layout":"","ast-disable-related-posts":"","theme-transparent-header-meta":"","adv-header-id-meta":"","stick-header-meta":"","header-above-stick-meta":"","header-main-stick-meta":"","header-below-stick-meta":"","astra-migrate-meta-layouts":"default","ast-page-background-enabled":"default","ast-page-background-meta":{"desktop":{"background-color":"var(--ast-global-color-5)","background-image":"","background-repeat":"repeat","background-position":"center center","background-size":"auto","background-attachment":"scroll","background-type":"","background-media":"","overlay-type":"","overlay-color":"","overlay-opacity":"","overlay-gradient":""},"tablet":{"background-color":"","background-image":"","background-repeat":"repeat","background-position":"center center","background-size":"auto","background-attachment":"scroll","background-type":"","background-media":"","overlay-type":"","overlay-color":"","overlay-opacity":"","overlay-gradient":""},"mobile":{"background-color":"","background-image":"","background-repeat":"repeat","background-position":"center center","background-size":"auto","background-attachment":"scroll","background-type":"","background-media":"","overlay-type":"","overlay-color":"","overlay-opacity":"","overlay-gradient":""}},"ast-content-background-meta":{"desktop":{"background-color":"var(--ast-global-color-4)","background-image":"","background-repeat":"repeat","background-position":"center center","background-size":"auto","background-attachment":"scroll","background-type":"","background-media":"","overlay-type":"","overlay-color":"","overlay-opacity":"","overlay-gradient":""},"tablet":{"background-color":"var(--ast-global-color-4)","background-image":"","background-repeat":"repeat","background-position":"center center","background-size":"auto","background-attachment":"scroll","background-type":"","background-media":"","overlay-type":"","overlay-color":"","overlay-opacity":"","overlay-gradient":""},"mobile":{"background-color":"var(--ast-global-color-4)","background-image":"","background-repeat":"repeat","background-position":"center center","background-size":"auto","background-attachment":"scroll","background-type":"","background-media":"","overlay-type":"","overlay-color":"","overlay-opacity":"","overlay-gradient":""}},"footnotes":""},"categories":[3,14],"tags":[],"class_list":["post-1459","post","type-post","status-publish","format-standard","hentry","category-katolsk","category-okumenikk"],"_links":{"self":[{"href":"https:\/\/aomoi.net\/blogg\/wp-json\/wp\/v2\/posts\/1459","targetHints":{"allow":["GET"]}}],"collection":[{"href":"https:\/\/aomoi.net\/blogg\/wp-json\/wp\/v2\/posts"}],"about":[{"href":"https:\/\/aomoi.net\/blogg\/wp-json\/wp\/v2\/types\/post"}],"author":[{"embeddable":true,"href":"https:\/\/aomoi.net\/blogg\/wp-json\/wp\/v2\/users\/2"}],"replies":[{"embeddable":true,"href":"https:\/\/aomoi.net\/blogg\/wp-json\/wp\/v2\/comments?post=1459"}],"version-history":[{"count":1,"href":"https:\/\/aomoi.net\/blogg\/wp-json\/wp\/v2\/posts\/1459\/revisions"}],"predecessor-version":[{"id":1460,"href":"https:\/\/aomoi.net\/blogg\/wp-json\/wp\/v2\/posts\/1459\/revisions\/1460"}],"wp:attachment":[{"href":"https:\/\/aomoi.net\/blogg\/wp-json\/wp\/v2\/media?parent=1459"}],"wp:term":[{"taxonomy":"category","embeddable":true,"href":"https:\/\/aomoi.net\/blogg\/wp-json\/wp\/v2\/categories?post=1459"},{"taxonomy":"post_tag","embeddable":true,"href":"https:\/\/aomoi.net\/blogg\/wp-json\/wp\/v2\/tags?post=1459"}],"curies":[{"name":"wp","href":"https:\/\/api.w.org\/{rel}","templated":true}]}}