{"id":1962,"date":"2011-12-17T23:20:46","date_gmt":"2011-12-17T22:20:46","guid":{"rendered":"http:\/\/aomoi.net\/blogg\/?p=1962"},"modified":"2011-12-18T17:22:31","modified_gmt":"2011-12-18T16:22:31","slug":"lokalnyheter-2","status":"publish","type":"post","link":"https:\/\/aomoi.net\/blogg\/2011\/12\/lokalnyheter-2\/","title":{"rendered":"Lokalnyheter 2"},"content":{"rendered":"<p>Min barndoms skole skal legges ned &#8211; Vestly skule. N\u00e5 er det vedtatt, <a href=\"http:\/\/jbl.no\/index.php?page=vis_nyhet&#038;NyhetID=25816\">leser vi i J\u00e6rbladet<\/a>.<\/p>\n<blockquote><p>Eit klart fleirtal i Time kommunestyre gjorde tirsdag det endelege vedtaket om at den eldste skulen i kommunen skal leggjast ned i l\u00f8pet av v\u00e5ren. Det skapte sterke kjensler b\u00e5de hos enkelte kommunestyrerepresentantar og hos folk som bur i krinsen. &#8230;<\/p><\/blockquote>\n<p>Bildene under viser (\u00f8verst) skolen stort sett slik den stod ferdig i januar 1962 &#8211; jeg begynte selv i 1. klasse i august samme \u00e5r. Bilde nummer to viser ogs\u00e5 den nye gymsalen (fra 90-tallet, tror jeg) og til h\u00f8yre den gamle skolen som ble flytta ned hit fra Lye (ogs\u00e5 p\u00e5 90-tallet tror jeg). Der gikk jeg p\u00e5 s\u00f8ndagsskole, hver s\u00f8ndag kl 09.30. Min far var rektor her fra 1952 til 1990. Men p\u00e5 tross av alt dette innser jeg at skolen nok ikke lenger var &laquo;liv laga&raquo; &#8211; og jeg f\u00f8ler det ikke s\u00e5 tungt, jeg har tross alt ikke bodd p\u00e5 J\u00e6ren siden 1975.<\/p>\n<p> <img loading=\"lazy\" decoding=\"async\" src=\"http:\/\/aomoi.net\/blogg\/bilder\/11des_vestly_skule.jpg\" alt=\"\" title=\"11des_vestly_skule\" width=\"600\" height=\"374\" class=\"aligncenter size-full wp-image-1964\" \/><\/p>\n<p><img loading=\"lazy\" decoding=\"async\" src=\"http:\/\/aomoi.net\/blogg\/bilder\/11des_vestly_skule2.jpg\" alt=\"\" title=\"11des_vestly_skule2\" width=\"550\" height=\"236\" class=\"aligncenter size-full wp-image-1965\" \/><\/p>\n","protected":false},"excerpt":{"rendered":"<p>Min barndoms skole skal legges ned &#8211; Vestly skule. N\u00e5 er det vedtatt, leser vi i J\u00e6rbladet. Eit klart fleirtal i Time kommunestyre gjorde tirsdag det endelege vedtaket om at den eldste skulen i kommunen skal leggjast ned i l\u00f8pet av v\u00e5ren. Det skapte sterke kjensler b\u00e5de hos enkelte kommunestyrerepresentantar og hos folk som bur [&hellip;]<\/p>\n","protected":false},"author":2,"featured_media":0,"comment_status":"open","ping_status":"open","sticky":false,"template":"","format":"standard","meta":{"site-sidebar-layout":"default","site-content-layout":"","ast-site-content-layout":"default","site-content-style":"default","site-sidebar-style":"default","ast-global-header-display":"","ast-banner-title-visibility":"","ast-main-header-display":"","ast-hfb-above-header-display":"","ast-hfb-below-header-display":"","ast-hfb-mobile-header-display":"","site-post-title":"","ast-breadcrumbs-content":"","ast-featured-img":"","footer-sml-layout":"","ast-disable-related-posts":"","theme-transparent-header-meta":"","adv-header-id-meta":"","stick-header-meta":"","header-above-stick-meta":"","header-main-stick-meta":"","header-below-stick-meta":"","astra-migrate-meta-layouts":"default","ast-page-background-enabled":"default","ast-page-background-meta":{"desktop":{"background-color":"var(--ast-global-color-5)","background-image":"","background-repeat":"repeat","background-position":"center center","background-size":"auto","background-attachment":"scroll","background-type":"","background-media":"","overlay-type":"","overlay-color":"","overlay-opacity":"","overlay-gradient":""},"tablet":{"background-color":"","background-image":"","background-repeat":"repeat","background-position":"center center","background-size":"auto","background-attachment":"scroll","background-type":"","background-media":"","overlay-type":"","overlay-color":"","overlay-opacity":"","overlay-gradient":""},"mobile":{"background-color":"","background-image":"","background-repeat":"repeat","background-position":"center center","background-size":"auto","background-attachment":"scroll","background-type":"","background-media":"","overlay-type":"","overlay-color":"","overlay-opacity":"","overlay-gradient":""}},"ast-content-background-meta":{"desktop":{"background-color":"var(--ast-global-color-4)","background-image":"","background-repeat":"repeat","background-position":"center center","background-size":"auto","background-attachment":"scroll","background-type":"","background-media":"","overlay-type":"","overlay-color":"","overlay-opacity":"","overlay-gradient":""},"tablet":{"background-color":"var(--ast-global-color-4)","background-image":"","background-repeat":"repeat","background-position":"center center","background-size":"auto","background-attachment":"scroll","background-type":"","background-media":"","overlay-type":"","overlay-color":"","overlay-opacity":"","overlay-gradient":""},"mobile":{"background-color":"var(--ast-global-color-4)","background-image":"","background-repeat":"repeat","background-position":"center center","background-size":"auto","background-attachment":"scroll","background-type":"","background-media":"","overlay-type":"","overlay-color":"","overlay-opacity":"","overlay-gradient":""}},"footnotes":""},"categories":[4],"tags":[],"class_list":["post-1962","post","type-post","status-publish","format-standard","hentry","category-generelt"],"_links":{"self":[{"href":"https:\/\/aomoi.net\/blogg\/wp-json\/wp\/v2\/posts\/1962","targetHints":{"allow":["GET"]}}],"collection":[{"href":"https:\/\/aomoi.net\/blogg\/wp-json\/wp\/v2\/posts"}],"about":[{"href":"https:\/\/aomoi.net\/blogg\/wp-json\/wp\/v2\/types\/post"}],"author":[{"embeddable":true,"href":"https:\/\/aomoi.net\/blogg\/wp-json\/wp\/v2\/users\/2"}],"replies":[{"embeddable":true,"href":"https:\/\/aomoi.net\/blogg\/wp-json\/wp\/v2\/comments?post=1962"}],"version-history":[{"count":3,"href":"https:\/\/aomoi.net\/blogg\/wp-json\/wp\/v2\/posts\/1962\/revisions"}],"predecessor-version":[{"id":1978,"href":"https:\/\/aomoi.net\/blogg\/wp-json\/wp\/v2\/posts\/1962\/revisions\/1978"}],"wp:attachment":[{"href":"https:\/\/aomoi.net\/blogg\/wp-json\/wp\/v2\/media?parent=1962"}],"wp:term":[{"taxonomy":"category","embeddable":true,"href":"https:\/\/aomoi.net\/blogg\/wp-json\/wp\/v2\/categories?post=1962"},{"taxonomy":"post_tag","embeddable":true,"href":"https:\/\/aomoi.net\/blogg\/wp-json\/wp\/v2\/tags?post=1962"}],"curies":[{"name":"wp","href":"https:\/\/api.w.org\/{rel}","templated":true}]}}