{"id":209,"date":"2010-07-17T09:55:02","date_gmt":"2010-07-17T07:55:02","guid":{"rendered":"http:\/\/aomoi.net\/blogg\/?p=209"},"modified":"2010-07-17T09:55:02","modified_gmt":"2010-07-17T07:55:02","slug":"pave-benedikt-skal-feire-messen-pa-latin-i-england-i-september","status":"publish","type":"post","link":"https:\/\/aomoi.net\/blogg\/2010\/07\/pave-benedikt-skal-feire-messen-pa-latin-i-england-i-september\/","title":{"rendered":"Pave Benedikt skal feire messen p\u00e5 latin i England i september"},"content":{"rendered":"<p><a href=\"http:\/\/www.thetablet.co.uk\/latest-news.php#1847\">Fra the Tablet h\u00f8rer<\/a> vi at pavemessene i England og Skottland i stor grad skal feires p\u00e5 latin, dvs. den eukaristiske b\u00f8nn f\u00f8rst og fremst &#8211; og at dette skjer etter p\u00e5trykk fra Vatikanet:<\/p>\n<blockquote><p>Significant parts of Masses celebrated by Pope Benedict XVI during his trip to Britain in September will be said in Latin. The Eucharistic prayer of the Mass will be said or sung in Latin by the Pope at the liturgies at Bellahouston Park, Glasgow, and at the beatification of Cardinal Newman in Cofton Park, Birmingham. Congregations will respond to the dialogue preface in Latin and the consecration will be said in Latin. It is believed the Mass at Westminster Cathedral will follow a similar pattern. Mgr Paul Conroy, General Secretary of the Bishops\u2019 Conference in Scotland and part of the planning team for the liturgy, said that the decision was a requirement of the Vatican. \u201cThis helps to show the universality of the liturgy and helps Catholics from various different countries, who may be listening on the radio or watching on television, to follow the Mass,\u201d he said.<\/p><\/blockquote>\n","protected":false},"excerpt":{"rendered":"<p>Fra the Tablet h\u00f8rer vi at pavemessene i England og Skottland i stor grad skal feires p\u00e5 latin, dvs. den eukaristiske b\u00f8nn f\u00f8rst og fremst &#8211; og at dette skjer etter p\u00e5trykk fra Vatikanet: Significant parts of Masses celebrated by Pope Benedict XVI during his trip to Britain in September will be said in Latin. [&hellip;]<\/p>\n","protected":false},"author":2,"featured_media":0,"comment_status":"open","ping_status":"open","sticky":false,"template":"","format":"standard","meta":{"site-sidebar-layout":"default","site-content-layout":"","ast-site-content-layout":"default","site-content-style":"default","site-sidebar-style":"default","ast-global-header-display":"","ast-banner-title-visibility":"","ast-main-header-display":"","ast-hfb-above-header-display":"","ast-hfb-below-header-display":"","ast-hfb-mobile-header-display":"","site-post-title":"","ast-breadcrumbs-content":"","ast-featured-img":"","footer-sml-layout":"","ast-disable-related-posts":"","theme-transparent-header-meta":"","adv-header-id-meta":"","stick-header-meta":"","header-above-stick-meta":"","header-main-stick-meta":"","header-below-stick-meta":"","astra-migrate-meta-layouts":"default","ast-page-background-enabled":"default","ast-page-background-meta":{"desktop":{"background-color":"var(--ast-global-color-5)","background-image":"","background-repeat":"repeat","background-position":"center center","background-size":"auto","background-attachment":"scroll","background-type":"","background-media":"","overlay-type":"","overlay-color":"","overlay-opacity":"","overlay-gradient":""},"tablet":{"background-color":"","background-image":"","background-repeat":"repeat","background-position":"center center","background-size":"auto","background-attachment":"scroll","background-type":"","background-media":"","overlay-type":"","overlay-color":"","overlay-opacity":"","overlay-gradient":""},"mobile":{"background-color":"","background-image":"","background-repeat":"repeat","background-position":"center center","background-size":"auto","background-attachment":"scroll","background-type":"","background-media":"","overlay-type":"","overlay-color":"","overlay-opacity":"","overlay-gradient":""}},"ast-content-background-meta":{"desktop":{"background-color":"var(--ast-global-color-4)","background-image":"","background-repeat":"repeat","background-position":"center center","background-size":"auto","background-attachment":"scroll","background-type":"","background-media":"","overlay-type":"","overlay-color":"","overlay-opacity":"","overlay-gradient":""},"tablet":{"background-color":"var(--ast-global-color-4)","background-image":"","background-repeat":"repeat","background-position":"center center","background-size":"auto","background-attachment":"scroll","background-type":"","background-media":"","overlay-type":"","overlay-color":"","overlay-opacity":"","overlay-gradient":""},"mobile":{"background-color":"var(--ast-global-color-4)","background-image":"","background-repeat":"repeat","background-position":"center center","background-size":"auto","background-attachment":"scroll","background-type":"","background-media":"","overlay-type":"","overlay-color":"","overlay-opacity":"","overlay-gradient":""}},"footnotes":""},"categories":[3,11,6],"tags":[],"class_list":["post-209","post","type-post","status-publish","format-standard","hentry","category-katolsk","category-liturgi","category-paven"],"_links":{"self":[{"href":"https:\/\/aomoi.net\/blogg\/wp-json\/wp\/v2\/posts\/209","targetHints":{"allow":["GET"]}}],"collection":[{"href":"https:\/\/aomoi.net\/blogg\/wp-json\/wp\/v2\/posts"}],"about":[{"href":"https:\/\/aomoi.net\/blogg\/wp-json\/wp\/v2\/types\/post"}],"author":[{"embeddable":true,"href":"https:\/\/aomoi.net\/blogg\/wp-json\/wp\/v2\/users\/2"}],"replies":[{"embeddable":true,"href":"https:\/\/aomoi.net\/blogg\/wp-json\/wp\/v2\/comments?post=209"}],"version-history":[{"count":0,"href":"https:\/\/aomoi.net\/blogg\/wp-json\/wp\/v2\/posts\/209\/revisions"}],"wp:attachment":[{"href":"https:\/\/aomoi.net\/blogg\/wp-json\/wp\/v2\/media?parent=209"}],"wp:term":[{"taxonomy":"category","embeddable":true,"href":"https:\/\/aomoi.net\/blogg\/wp-json\/wp\/v2\/categories?post=209"},{"taxonomy":"post_tag","embeddable":true,"href":"https:\/\/aomoi.net\/blogg\/wp-json\/wp\/v2\/tags?post=209"}],"curies":[{"name":"wp","href":"https:\/\/api.w.org\/{rel}","templated":true}]}}