{"id":2461,"date":"2006-07-19T16:13:11","date_gmt":"2006-07-19T14:13:11","guid":{"rendered":"http:\/\/aomoi.net\/blog\/arkiv\/231"},"modified":"2012-02-13T10:57:51","modified_gmt":"2012-02-13T09:57:51","slug":"lokalmenigheten-eller-hele-kirken","status":"publish","type":"post","link":"https:\/\/aomoi.net\/blogg\/2006\/07\/lokalmenigheten-eller-hele-kirken\/","title":{"rendered":"Lokalmenigheten eller hele Kirken?"},"content":{"rendered":"<p>Det er nok en ganske tydelig tendens til at protestanter og katolikker ser ulikt p\u00e5 forholdet til lokalkirken og kirken som helhet. Dette er vel aller tydeligst i flere firmenigheter (eksemplifisert av problemene Levende Ord i Bergen har hatt det siste halve \u00e5ret) at lokalmenigheten er nesten det eneste som betyr noe. I Den norske kirke e rvel kirken p\u00e5 landsplan viktig nok, mens kirker i andre land har man et perifert forholdt til. Hos katolikker derimot er det den universelle kirke &#8211; med paven som leder &#8211; som st\u00e5r sterkest i de troendes bevissthet, mens lokalmenigheten og hvordan den fungerer tensker man kanskje ikke s\u00e5 ofte p\u00e5.<\/p>\n<p>Hvorfor er det slik? Det er vel teologiske grunner til det, men ogs\u00e5 noen praktiske, som disse:<\/p>\n<p><font color=\"#333399\"><i>Part of the answer may simply be that the leadership of the Catholic Church at the moment seems admirable to all but the most committed anti-Catholic partisans, whereas the leadership of many of the mainline Protestant denominations is either not easily personified by its members, or, at the moment, seems to be flailing around and unsure of itself. As a Catholic, it seems to me that the Catholic Faith has also been revealed, during the last two pontificates, as the center of gravity of Christianity&#8211;at least in the West&#8211;even to Protestants.<\/i><\/font><\/p>\n<p><a href=\"http:\/\/pblosser.blogspot.com\/2006_07_01_pblosser_archive.html#115256167600276217\">Les mer om dette her<\/a>:  (Sitatet er tatt fra en av kommentarene.)<\/p>\n","protected":false},"excerpt":{"rendered":"<p>Det er nok en ganske tydelig tendens til at protestanter og katolikker ser ulikt p\u00e5 forholdet til lokalkirken og kirken som helhet. Dette er vel aller tydeligst i flere firmenigheter (eksemplifisert av problemene Levende Ord i Bergen har hatt det siste halve \u00e5ret) at lokalmenigheten er nesten det eneste som betyr noe. I Den norske [&hellip;]<\/p>\n","protected":false},"author":2,"featured_media":0,"comment_status":"open","ping_status":"open","sticky":false,"template":"","format":"standard","meta":{"site-sidebar-layout":"default","site-content-layout":"","ast-site-content-layout":"default","site-content-style":"default","site-sidebar-style":"default","ast-global-header-display":"","ast-banner-title-visibility":"","ast-main-header-display":"","ast-hfb-above-header-display":"","ast-hfb-below-header-display":"","ast-hfb-mobile-header-display":"","site-post-title":"","ast-breadcrumbs-content":"","ast-featured-img":"","footer-sml-layout":"","ast-disable-related-posts":"","theme-transparent-header-meta":"","adv-header-id-meta":"","stick-header-meta":"","header-above-stick-meta":"","header-main-stick-meta":"","header-below-stick-meta":"","astra-migrate-meta-layouts":"default","ast-page-background-enabled":"default","ast-page-background-meta":{"desktop":{"background-color":"var(--ast-global-color-5)","background-image":"","background-repeat":"repeat","background-position":"center center","background-size":"auto","background-attachment":"scroll","background-type":"","background-media":"","overlay-type":"","overlay-color":"","overlay-opacity":"","overlay-gradient":""},"tablet":{"background-color":"","background-image":"","background-repeat":"repeat","background-position":"center center","background-size":"auto","background-attachment":"scroll","background-type":"","background-media":"","overlay-type":"","overlay-color":"","overlay-opacity":"","overlay-gradient":""},"mobile":{"background-color":"","background-image":"","background-repeat":"repeat","background-position":"center center","background-size":"auto","background-attachment":"scroll","background-type":"","background-media":"","overlay-type":"","overlay-color":"","overlay-opacity":"","overlay-gradient":""}},"ast-content-background-meta":{"desktop":{"background-color":"var(--ast-global-color-4)","background-image":"","background-repeat":"repeat","background-position":"center center","background-size":"auto","background-attachment":"scroll","background-type":"","background-media":"","overlay-type":"","overlay-color":"","overlay-opacity":"","overlay-gradient":""},"tablet":{"background-color":"var(--ast-global-color-4)","background-image":"","background-repeat":"repeat","background-position":"center center","background-size":"auto","background-attachment":"scroll","background-type":"","background-media":"","overlay-type":"","overlay-color":"","overlay-opacity":"","overlay-gradient":""},"mobile":{"background-color":"var(--ast-global-color-4)","background-image":"","background-repeat":"repeat","background-position":"center center","background-size":"auto","background-attachment":"scroll","background-type":"","background-media":"","overlay-type":"","overlay-color":"","overlay-opacity":"","overlay-gradient":""}},"footnotes":""},"categories":[14],"tags":[],"class_list":["post-2461","post","type-post","status-publish","format-standard","hentry","category-okumenikk"],"_links":{"self":[{"href":"https:\/\/aomoi.net\/blogg\/wp-json\/wp\/v2\/posts\/2461","targetHints":{"allow":["GET"]}}],"collection":[{"href":"https:\/\/aomoi.net\/blogg\/wp-json\/wp\/v2\/posts"}],"about":[{"href":"https:\/\/aomoi.net\/blogg\/wp-json\/wp\/v2\/types\/post"}],"author":[{"embeddable":true,"href":"https:\/\/aomoi.net\/blogg\/wp-json\/wp\/v2\/users\/2"}],"replies":[{"embeddable":true,"href":"https:\/\/aomoi.net\/blogg\/wp-json\/wp\/v2\/comments?post=2461"}],"version-history":[{"count":1,"href":"https:\/\/aomoi.net\/blogg\/wp-json\/wp\/v2\/posts\/2461\/revisions"}],"predecessor-version":[{"id":4888,"href":"https:\/\/aomoi.net\/blogg\/wp-json\/wp\/v2\/posts\/2461\/revisions\/4888"}],"wp:attachment":[{"href":"https:\/\/aomoi.net\/blogg\/wp-json\/wp\/v2\/media?parent=2461"}],"wp:term":[{"taxonomy":"category","embeddable":true,"href":"https:\/\/aomoi.net\/blogg\/wp-json\/wp\/v2\/categories?post=2461"},{"taxonomy":"post_tag","embeddable":true,"href":"https:\/\/aomoi.net\/blogg\/wp-json\/wp\/v2\/tags?post=2461"}],"curies":[{"name":"wp","href":"https:\/\/api.w.org\/{rel}","templated":true}]}}