{"id":2521,"date":"2006-09-28T10:42:06","date_gmt":"2006-09-28T08:42:06","guid":{"rendered":"http:\/\/aomoi.net\/blog\/arkiv\/294"},"modified":"2012-02-13T10:57:49","modified_gmt":"2012-02-13T09:57:49","slug":"enhet-blant-de-ortodokse-er-n%c3%b8dvendig-sier-kardinal-kasper","status":"publish","type":"post","link":"https:\/\/aomoi.net\/blogg\/2006\/09\/enhet-blant-de-ortodokse-er-n%c3%b8dvendig-sier-kardinal-kasper\/","title":{"rendered":"Enhet blant de ortodokse er n\u00f8dvendig, sier kardinal Kasper"},"content":{"rendered":"<p>&laquo;Enhet blant de ortodokse er n\u00f8dvendig hvis katolikker og ortodokse skal komme videre p\u00e5 veien mot full enhet.&raquo; Dette sa kardinal Walter Kasper, president for Vatikanets Enhetskommisjon, da han kommenterte m\u00f8tet i den internasjonale kommisjonen for dialog mellom Den katolske og Den ortodokse kirke som helhet. M\u00f8tet varte fra 18. til 25. september, og ble holdt i Beorgrad i Serbia.<\/p>\n<p>Det var et viktig og etterlengtet m\u00f8te, der dialogen mellom kirkene ble gjenopptatt. Det hadde ikke v\u00e6rt noe m\u00f8te i kommisjonen siden juli 2000, i Baltimore, USA.<\/p>\n<p>Men etter m\u00f8tet protesterte den russiske delegasjonen p\u00e5 at patriarken av Konstantinopel s\u00e5 tydelig hadde blitt gitt f\u00f8rsteplassen blant de ortodokse. Kardinal Kasper presiserte at katolikkene ikke \u00f8nkset \u00e5 blande seg i slike interne ortodokse sp\u00f8rsm\u00e5l, og h\u00e5pet at denne uenigheten ville l\u00f8ses og ikke legge hindringer i veien for de katolsk-ortodokse samtalene  framover.<\/p>\n<p><i><font color=\"#333399\">Cardinal Kasper explained on Vatican Radio that the meeting implied a &laquo;step forward.&raquo;<\/p>\n<p>&laquo;All the Orthodox Churches were present,&raquo; he said, and &laquo;the working sessions unfolded in a friendly, positive and constructive atmosphere.&raquo;<\/p>\n<p>The cardinal said that &laquo;many points of contact&raquo; were identified on the topic discussed, &laquo;the Church as communion,&raquo; namely, the relationship between councils and authority at the local, regional and universal level.<\/p>\n<p>On this occasion it was decided not to address the topic of the Churches of Eastern tradition that are united with the Pope, as it has blocked the Catholic-Orthodox dialogue over the past 10 years. <\/font><\/i> <!--more--><\/p>\n<p><i><font color=\"#333399\">&laquo;Obviously there are difficulties that are well known, but given that we have talked in a serene and positive atmosphere, we have the hope of being able to advance,&raquo; Cardinal Kasper said.<\/p>\n<p>Hospitality<\/p>\n<p>The 73-year-old Vatican official noted the &laquo;unexpected and very surprising hospitality&raquo; offered by the Orthodox Church of Serbia and particularly by Patriarch Pavle of Belgrade.<\/p>\n<p>Catholics attended the Orthodox liturgy and Orthodox the Catholic liturgy. &laquo;Everything unfolded truly in a very good atmosphere,&raquo; the cardinal said.<\/p>\n<p>After the meeting, on Monday, Bishop Hilarion of the Russian Orthodox Church in Vienna and Austria criticized Cardinal Kasper, through the Interfax press agency, for procedural questions adopted at the meeting.<\/p>\n<p>In particular, he criticized the methodology adopted, as differences arose over the application of the traditional principle according to which the See of the Ecumenical Patriarchate of Constantinople enjoys a primacy of honor among the Orthodox Churches.<\/p>\n<p>&laquo;The question is inter-Orthodox and is not an argument of discussion between Catholics and Orthodox,&raquo; clarified Cardinal Kasper. &laquo;The Catholic side declared explicitly that it did not wish to intervene in this internal controversy.<\/p>\n<p>&laquo;The question was addressed only from the point of view of procedure and only to see how it could possibly be surmounted. This position was expressly explained to the Russian Orthodox delegation, which makes its public protest hard to understand.&raquo;<\/p>\n<p>For this reason, given next year&#8217;s meeting of the Orthodox-Catholic Commission, the cardinal hopes that in the meantime &laquo;a solution will be reached on the differences that exist at the Orthodox level.&raquo;<\/p>\n<p>&laquo;If the question were to remain open,&raquo; the Vatican official said, &laquo;it would in fact cause a permanent difficulty for the international Catholic-Orthodox dialogue.&raquo; <\/font><\/i><\/p>\n","protected":false},"excerpt":{"rendered":"<p>&laquo;Enhet blant de ortodokse er n\u00f8dvendig hvis katolikker og ortodokse skal komme videre p\u00e5 veien mot full enhet.&raquo; Dette sa kardinal Walter Kasper, president for Vatikanets Enhetskommisjon, da han kommenterte m\u00f8tet i den internasjonale kommisjonen for dialog mellom Den katolske og Den ortodokse kirke som helhet. M\u00f8tet varte fra 18. til 25. september, og ble [&hellip;]<\/p>\n","protected":false},"author":2,"featured_media":0,"comment_status":"open","ping_status":"open","sticky":false,"template":"","format":"standard","meta":{"site-sidebar-layout":"default","site-content-layout":"","ast-site-content-layout":"default","site-content-style":"default","site-sidebar-style":"default","ast-global-header-display":"","ast-banner-title-visibility":"","ast-main-header-display":"","ast-hfb-above-header-display":"","ast-hfb-below-header-display":"","ast-hfb-mobile-header-display":"","site-post-title":"","ast-breadcrumbs-content":"","ast-featured-img":"","footer-sml-layout":"","ast-disable-related-posts":"","theme-transparent-header-meta":"","adv-header-id-meta":"","stick-header-meta":"","header-above-stick-meta":"","header-main-stick-meta":"","header-below-stick-meta":"","astra-migrate-meta-layouts":"default","ast-page-background-enabled":"default","ast-page-background-meta":{"desktop":{"background-color":"var(--ast-global-color-5)","background-image":"","background-repeat":"repeat","background-position":"center center","background-size":"auto","background-attachment":"scroll","background-type":"","background-media":"","overlay-type":"","overlay-color":"","overlay-opacity":"","overlay-gradient":""},"tablet":{"background-color":"","background-image":"","background-repeat":"repeat","background-position":"center center","background-size":"auto","background-attachment":"scroll","background-type":"","background-media":"","overlay-type":"","overlay-color":"","overlay-opacity":"","overlay-gradient":""},"mobile":{"background-color":"","background-image":"","background-repeat":"repeat","background-position":"center center","background-size":"auto","background-attachment":"scroll","background-type":"","background-media":"","overlay-type":"","overlay-color":"","overlay-opacity":"","overlay-gradient":""}},"ast-content-background-meta":{"desktop":{"background-color":"var(--ast-global-color-4)","background-image":"","background-repeat":"repeat","background-position":"center center","background-size":"auto","background-attachment":"scroll","background-type":"","background-media":"","overlay-type":"","overlay-color":"","overlay-opacity":"","overlay-gradient":""},"tablet":{"background-color":"var(--ast-global-color-4)","background-image":"","background-repeat":"repeat","background-position":"center center","background-size":"auto","background-attachment":"scroll","background-type":"","background-media":"","overlay-type":"","overlay-color":"","overlay-opacity":"","overlay-gradient":""},"mobile":{"background-color":"var(--ast-global-color-4)","background-image":"","background-repeat":"repeat","background-position":"center center","background-size":"auto","background-attachment":"scroll","background-type":"","background-media":"","overlay-type":"","overlay-color":"","overlay-opacity":"","overlay-gradient":""}},"footnotes":""},"categories":[14],"tags":[],"class_list":["post-2521","post","type-post","status-publish","format-standard","hentry","category-okumenikk"],"_links":{"self":[{"href":"https:\/\/aomoi.net\/blogg\/wp-json\/wp\/v2\/posts\/2521","targetHints":{"allow":["GET"]}}],"collection":[{"href":"https:\/\/aomoi.net\/blogg\/wp-json\/wp\/v2\/posts"}],"about":[{"href":"https:\/\/aomoi.net\/blogg\/wp-json\/wp\/v2\/types\/post"}],"author":[{"embeddable":true,"href":"https:\/\/aomoi.net\/blogg\/wp-json\/wp\/v2\/users\/2"}],"replies":[{"embeddable":true,"href":"https:\/\/aomoi.net\/blogg\/wp-json\/wp\/v2\/comments?post=2521"}],"version-history":[{"count":1,"href":"https:\/\/aomoi.net\/blogg\/wp-json\/wp\/v2\/posts\/2521\/revisions"}],"predecessor-version":[{"id":4880,"href":"https:\/\/aomoi.net\/blogg\/wp-json\/wp\/v2\/posts\/2521\/revisions\/4880"}],"wp:attachment":[{"href":"https:\/\/aomoi.net\/blogg\/wp-json\/wp\/v2\/media?parent=2521"}],"wp:term":[{"taxonomy":"category","embeddable":true,"href":"https:\/\/aomoi.net\/blogg\/wp-json\/wp\/v2\/categories?post=2521"},{"taxonomy":"post_tag","embeddable":true,"href":"https:\/\/aomoi.net\/blogg\/wp-json\/wp\/v2\/tags?post=2521"}],"curies":[{"name":"wp","href":"https:\/\/api.w.org\/{rel}","templated":true}]}}