{"id":2647,"date":"2007-01-14T18:56:27","date_gmt":"2007-01-14T16:56:27","guid":{"rendered":"http:\/\/aomoi.net\/blog\/arkiv\/431"},"modified":"2012-02-13T10:57:06","modified_gmt":"2012-02-13T09:57:06","slug":"katolsk-og-luthersk-tro","status":"publish","type":"post","link":"https:\/\/aomoi.net\/blogg\/2007\/01\/katolsk-og-luthersk-tro\/","title":{"rendered":"Forskjeller mellom katolsk og luthersk tro"},"content":{"rendered":"<p>Jeg fikk for noen dager siden flere sp\u00f8rsm\u00e5l til min blog fra en som heter Elida. Det var mange og gode sp\u00f8rsm\u00e5l <i>ang\u00e5ende katolsk\/luthersk tro<\/i> slik at jeg velger \u00e5 svare p\u00e5 den i en ny post:<\/p>\n<p><i>&#8211; Med din ikke-katolske, lutherske bakgrunn \u2013 var det mye som m\u00e5tte endres da du ble katolikk, eller som endret seg fordi du ble katolikk? <\/i><br \/>\nEgentlig opplevde jeg det som noks\u00e5 lite; det jeg merket mest var sm\u00e5 detaljer om hvordan man oppf\u00f8rer seg i kirken. Det som endret seg etter hvert var at jeg begynte \u00e5 delta\/feire messen (nesten) daglig og \u00e5 lese tideb\u00f8nnene.<\/p>\n<p><i>&#8211; Var det dogmer du m\u00e5tte slutte \u00e5 tro p\u00e5 og hva m\u00e5tte du begynne \u00e5 tro p\u00e5? <\/i><br \/>\nDet var ingenting jeg m\u00e5tte slutte \u00e5 tro p\u00e5, men enkelte ekstra l\u00e6resetninger. Av disse kan jeg nevne synet p\u00e5 Marias ubesmittede unnfangelse og opptagelse til himmelen, samt synet p\u00e5 skj\u00e6rsilden \u2013 som ogs\u00e5 f\u00e5r  betydning for b\u00f8nn for de avd\u00f8de og avlat.<\/p>\n<p><i>&#8211; Ble opplevelsen av Gud annerledes? Det virker som den katolske Gud er mer opph\u00f8yd, hellig og fjern, mens den protestantiske er \u201cn\u00e6r og kj\u00e6r\u201d. <\/i><br \/>\nGradvis f\u00f8rte messefeiringen \u2013 som f\u00f8rst og fremst er tilbedende \u2013 til at Gud oppleves annerledes i liturgien; det veldig famili\u00e6re og kanskje s\u00f8tladne m\u00e5 vike plassen der. P\u00e5 andre omr\u00e5der av livet kan Gud fortsatt v\u00e6re \u201dn\u00e6r og kj\u00e6r\u201d, men i messen er det heller Guds hellighet som st\u00e5r sentralt.<\/p>\n<p><i>&#8211; Er Maria viktigere for deg enn f\u00f8r? I tilfelle hvorfor? <\/i><br \/>\nJa, absolutt. Ganske enkelt fordi hun i protestantiske kretser blir nesten helt borte. Vi katolikker gir henne en st\u00f8rre plass rett og slett, hun er tross alt Jesu mor.<\/p>\n<p><i>&#8211; Har katolikker en annen m\u00e5te \u00e5 omg\u00e5s p\u00e5 (sosialt\/\u00e5ndelig fellesskap)? Fungerer en katolsk menighet annerledes enn en luthersk? <\/i><br \/>\nLitt annerledes, kanskje, den tydeligste forskjellen er at Den katolske kirke (her i Norge) har medlemmer fra over 100 nasjoner, og de norske er i et noks\u00e5 lite mindretall. Det fins noen andre forskjeller ogs\u00e5, men ikke s\u00e5 store.<\/p>\n<p><i>&#8211; Er prestens rolle annerledes? <\/i><br \/>\nP\u00e5 en m\u00e5te er hans rolle annerledes; hans rolle i liturgien og sakramentsforvaltningen vektlegges mer, men man finner nok noe av det samme i h\u00f8ykirkelige lutherske menigheter. Ellers ligner hans rolle det man finner i andre kirker, i forb. med barne- og ungdomsarbeidet, barned\u00e5p, d\u00f8dsfall etc. (Jeg kan legge til at noen katolikker og katolske prester overdriver denne forskjellen, etter mitt syn.)<\/p>\n<p><i>&#8211; Blir du m\u00f8tt med mistensksomhet fordi du har v\u00e6rt protestant f\u00f8r? <\/i><br \/>\nDet har hendt. Spesielt i starten var det noen noks\u00e5 liberale katolikker som var redd at jeg var for konservativ. Men det er flere \u00e5r siden jeg har merket slike reaksjoner.<\/p>\n<p><i>&#8211; Har du f\u00e5tt negative reaksjoner fra dine frikirkelige venner? <\/i><br \/>\nNei, nesten ingen. Jeg m\u00e5 ogs\u00e5 legge til at selv om jeg var medlem av Den Evangelisk Lutherske Frikirke i 11 \u00e5r og pastor der i 6 \u00e5r, s\u00e5 er jeg oppvokst i Den norske kirke, og har min familie og de fleste av mine venner der. Men verken fra statskirkelige eller frikirkelige milj\u00f8er m\u00f8ter jeg annet enn godvilje.<\/p>\n<p><i>&#8211; Har du noen gang angret at du konverterte? <\/i><br \/>\nNei. Ikke en eneste gang. \u00c5 bli katolikk var noe jeg bare m\u00e5tte gj\u00f8re. Det var ikke slik at jeg hadde noen som helst tvil da min teologiske utvikling hadde kommet til en naturlig ende.<\/p>\n","protected":false},"excerpt":{"rendered":"<p>Jeg fikk for noen dager siden flere sp\u00f8rsm\u00e5l til min blog fra en som heter Elida. Det var mange og gode sp\u00f8rsm\u00e5l ang\u00e5ende katolsk\/luthersk tro slik at jeg velger \u00e5 svare p\u00e5 den i en ny post: &#8211; Med din ikke-katolske, lutherske bakgrunn \u2013 var det mye som m\u00e5tte endres da du ble katolikk, eller [&hellip;]<\/p>\n","protected":false},"author":2,"featured_media":0,"comment_status":"open","ping_status":"open","sticky":false,"template":"","format":"standard","meta":{"site-sidebar-layout":"default","site-content-layout":"","ast-site-content-layout":"default","site-content-style":"default","site-sidebar-style":"default","ast-global-header-display":"","ast-banner-title-visibility":"","ast-main-header-display":"","ast-hfb-above-header-display":"","ast-hfb-below-header-display":"","ast-hfb-mobile-header-display":"","site-post-title":"","ast-breadcrumbs-content":"","ast-featured-img":"","footer-sml-layout":"","ast-disable-related-posts":"","theme-transparent-header-meta":"","adv-header-id-meta":"","stick-header-meta":"","header-above-stick-meta":"","header-main-stick-meta":"","header-below-stick-meta":"","astra-migrate-meta-layouts":"default","ast-page-background-enabled":"default","ast-page-background-meta":{"desktop":{"background-color":"var(--ast-global-color-5)","background-image":"","background-repeat":"repeat","background-position":"center center","background-size":"auto","background-attachment":"scroll","background-type":"","background-media":"","overlay-type":"","overlay-color":"","overlay-opacity":"","overlay-gradient":""},"tablet":{"background-color":"","background-image":"","background-repeat":"repeat","background-position":"center center","background-size":"auto","background-attachment":"scroll","background-type":"","background-media":"","overlay-type":"","overlay-color":"","overlay-opacity":"","overlay-gradient":""},"mobile":{"background-color":"","background-image":"","background-repeat":"repeat","background-position":"center center","background-size":"auto","background-attachment":"scroll","background-type":"","background-media":"","overlay-type":"","overlay-color":"","overlay-opacity":"","overlay-gradient":""}},"ast-content-background-meta":{"desktop":{"background-color":"var(--ast-global-color-4)","background-image":"","background-repeat":"repeat","background-position":"center center","background-size":"auto","background-attachment":"scroll","background-type":"","background-media":"","overlay-type":"","overlay-color":"","overlay-opacity":"","overlay-gradient":""},"tablet":{"background-color":"var(--ast-global-color-4)","background-image":"","background-repeat":"repeat","background-position":"center center","background-size":"auto","background-attachment":"scroll","background-type":"","background-media":"","overlay-type":"","overlay-color":"","overlay-opacity":"","overlay-gradient":""},"mobile":{"background-color":"var(--ast-global-color-4)","background-image":"","background-repeat":"repeat","background-position":"center center","background-size":"auto","background-attachment":"scroll","background-type":"","background-media":"","overlay-type":"","overlay-color":"","overlay-opacity":"","overlay-gradient":""}},"footnotes":""},"categories":[14],"tags":[],"class_list":["post-2647","post","type-post","status-publish","format-standard","hentry","category-okumenikk"],"_links":{"self":[{"href":"https:\/\/aomoi.net\/blogg\/wp-json\/wp\/v2\/posts\/2647","targetHints":{"allow":["GET"]}}],"collection":[{"href":"https:\/\/aomoi.net\/blogg\/wp-json\/wp\/v2\/posts"}],"about":[{"href":"https:\/\/aomoi.net\/blogg\/wp-json\/wp\/v2\/types\/post"}],"author":[{"embeddable":true,"href":"https:\/\/aomoi.net\/blogg\/wp-json\/wp\/v2\/users\/2"}],"replies":[{"embeddable":true,"href":"https:\/\/aomoi.net\/blogg\/wp-json\/wp\/v2\/comments?post=2647"}],"version-history":[{"count":1,"href":"https:\/\/aomoi.net\/blogg\/wp-json\/wp\/v2\/posts\/2647\/revisions"}],"predecessor-version":[{"id":4851,"href":"https:\/\/aomoi.net\/blogg\/wp-json\/wp\/v2\/posts\/2647\/revisions\/4851"}],"wp:attachment":[{"href":"https:\/\/aomoi.net\/blogg\/wp-json\/wp\/v2\/media?parent=2647"}],"wp:term":[{"taxonomy":"category","embeddable":true,"href":"https:\/\/aomoi.net\/blogg\/wp-json\/wp\/v2\/categories?post=2647"},{"taxonomy":"post_tag","embeddable":true,"href":"https:\/\/aomoi.net\/blogg\/wp-json\/wp\/v2\/tags?post=2647"}],"curies":[{"name":"wp","href":"https:\/\/api.w.org\/{rel}","templated":true}]}}