{"id":2943,"date":"2007-06-09T20:04:21","date_gmt":"2007-06-09T18:04:21","guid":{"rendered":"http:\/\/aomoi.net\/blog\/arkiv\/739"},"modified":"2007-06-09T20:04:21","modified_gmt":"2007-06-09T18:04:21","slug":"pave-benedikt-og-president-bush","status":"publish","type":"post","link":"https:\/\/aomoi.net\/blogg\/2007\/06\/pave-benedikt-og-president-bush\/","title":{"rendered":"Pave Benedikt og president Bush"},"content":{"rendered":"<p align=\"center\"> <img decoding=\"async\" src=\"\/blog\/bilde\/pave_bush_07.jpg\"\/> <\/p>\n<p><a href=\"http:\/\/www.dagbladet.no\/nyheter\/2007\/06\/09\/503063.html\">Dagbladet hadde i dag en artikkel<\/a> og dette flotte bilde av pave Benedikt og president Bush, etetr at de m\u00f8ttes i Vatikanet i dag. Og de skriver bl.a.:<\/p>\n<p><i>M\u00f8tet mellom Benedict og Bush ble dekket som en stor begivenhet med direktesendt fjernsyn som fulgte Bush, eskortert av en kvartett fra Sveitsergarden, gjennom rommene dekorert med marmor og fresker f\u00f8r de kom frem til pavens store, private bibliotek hvor m\u00f8tet skulle holdes, skriver nyhetsbry\u00e5et AP. &#8230;<\/p>\n<p>Etter samtalene sa Vatikanet i en pressemelding at Benedict og Bush hadde diskutert Midt\u00f8sten, og at paven h\u00e5per p\u00e5 en regional og fremforhandlet l\u00f8sning p\u00e5 konfliktene i regionen.<\/p>\n<p>Blant de internasjonale krisene som ble tatt opp under m\u00f8tet var den bekymringsfulle situasjonen i Irak, og de kritiske forholdene som kristne i Irak lever under. Presidenten og paven diskuterte ogs\u00e5 moralske og religi\u00f8se sp\u00f8rsm\u00e5l relatert til menneskerettigheter og religi\u00f8s frihet.<\/p>\n<p>P\u00e5 en pressekonferanse senere sammen med den italienske statsministeren Romano Prodi, \u00e5pnet Bush med \u00e5 si dette om paven: &#8211; Jeg snakket med en intelligent og kj\u00e6rlig mann, sa Bush.<\/i><\/p>\n","protected":false},"excerpt":{"rendered":"<p>Dagbladet hadde i dag en artikkel og dette flotte bilde av pave Benedikt og president Bush, etetr at de m\u00f8ttes i Vatikanet i dag. Og de skriver bl.a.: M\u00f8tet mellom Benedict og Bush ble dekket som en stor begivenhet med direktesendt fjernsyn som fulgte Bush, eskortert av en kvartett fra Sveitsergarden, gjennom rommene dekorert med [&hellip;]<\/p>\n","protected":false},"author":2,"featured_media":0,"comment_status":"open","ping_status":"open","sticky":false,"template":"","format":"standard","meta":{"site-sidebar-layout":"default","site-content-layout":"","ast-site-content-layout":"default","site-content-style":"default","site-sidebar-style":"default","ast-global-header-display":"","ast-banner-title-visibility":"","ast-main-header-display":"","ast-hfb-above-header-display":"","ast-hfb-below-header-display":"","ast-hfb-mobile-header-display":"","site-post-title":"","ast-breadcrumbs-content":"","ast-featured-img":"","footer-sml-layout":"","ast-disable-related-posts":"","theme-transparent-header-meta":"","adv-header-id-meta":"","stick-header-meta":"","header-above-stick-meta":"","header-main-stick-meta":"","header-below-stick-meta":"","astra-migrate-meta-layouts":"default","ast-page-background-enabled":"default","ast-page-background-meta":{"desktop":{"background-color":"var(--ast-global-color-5)","background-image":"","background-repeat":"repeat","background-position":"center center","background-size":"auto","background-attachment":"scroll","background-type":"","background-media":"","overlay-type":"","overlay-color":"","overlay-opacity":"","overlay-gradient":""},"tablet":{"background-color":"","background-image":"","background-repeat":"repeat","background-position":"center center","background-size":"auto","background-attachment":"scroll","background-type":"","background-media":"","overlay-type":"","overlay-color":"","overlay-opacity":"","overlay-gradient":""},"mobile":{"background-color":"","background-image":"","background-repeat":"repeat","background-position":"center center","background-size":"auto","background-attachment":"scroll","background-type":"","background-media":"","overlay-type":"","overlay-color":"","overlay-opacity":"","overlay-gradient":""}},"ast-content-background-meta":{"desktop":{"background-color":"var(--ast-global-color-4)","background-image":"","background-repeat":"repeat","background-position":"center center","background-size":"auto","background-attachment":"scroll","background-type":"","background-media":"","overlay-type":"","overlay-color":"","overlay-opacity":"","overlay-gradient":""},"tablet":{"background-color":"var(--ast-global-color-4)","background-image":"","background-repeat":"repeat","background-position":"center center","background-size":"auto","background-attachment":"scroll","background-type":"","background-media":"","overlay-type":"","overlay-color":"","overlay-opacity":"","overlay-gradient":""},"mobile":{"background-color":"var(--ast-global-color-4)","background-image":"","background-repeat":"repeat","background-position":"center center","background-size":"auto","background-attachment":"scroll","background-type":"","background-media":"","overlay-type":"","overlay-color":"","overlay-opacity":"","overlay-gradient":""}},"footnotes":""},"categories":[3],"tags":[],"class_list":["post-2943","post","type-post","status-publish","format-standard","hentry","category-katolsk"],"_links":{"self":[{"href":"https:\/\/aomoi.net\/blogg\/wp-json\/wp\/v2\/posts\/2943","targetHints":{"allow":["GET"]}}],"collection":[{"href":"https:\/\/aomoi.net\/blogg\/wp-json\/wp\/v2\/posts"}],"about":[{"href":"https:\/\/aomoi.net\/blogg\/wp-json\/wp\/v2\/types\/post"}],"author":[{"embeddable":true,"href":"https:\/\/aomoi.net\/blogg\/wp-json\/wp\/v2\/users\/2"}],"replies":[{"embeddable":true,"href":"https:\/\/aomoi.net\/blogg\/wp-json\/wp\/v2\/comments?post=2943"}],"version-history":[{"count":0,"href":"https:\/\/aomoi.net\/blogg\/wp-json\/wp\/v2\/posts\/2943\/revisions"}],"wp:attachment":[{"href":"https:\/\/aomoi.net\/blogg\/wp-json\/wp\/v2\/media?parent=2943"}],"wp:term":[{"taxonomy":"category","embeddable":true,"href":"https:\/\/aomoi.net\/blogg\/wp-json\/wp\/v2\/categories?post=2943"},{"taxonomy":"post_tag","embeddable":true,"href":"https:\/\/aomoi.net\/blogg\/wp-json\/wp\/v2\/tags?post=2943"}],"curies":[{"name":"wp","href":"https:\/\/api.w.org\/{rel}","templated":true}]}}