{"id":3339,"date":"2008-03-06T21:34:16","date_gmt":"2008-03-06T20:34:16","guid":{"rendered":"http:\/\/aomoi.net\/blog\/arkiv\/1141"},"modified":"2012-02-13T10:53:28","modified_gmt":"2012-02-13T09:53:28","slug":"pave-benedikt-vil-til-h%c3%b8sten-rehabilitere-martin-luther","status":"publish","type":"post","link":"https:\/\/aomoi.net\/blogg\/2008\/03\/pave-benedikt-vil-til-h%c3%b8sten-rehabilitere-martin-luther\/","title":{"rendered":"Pave Benedikt vil til h\u00f8sten rehabilitere Martin Luther!"},"content":{"rendered":"<p>Pave Benedikt vil til h\u00f8sten rehabilitere Martin Luther. (!) Ja, dette kan vi i dag faktisk <a href=\"http:\/\/www.timesonline.co.uk\/tol\/comment\/faith\/article3492299.ece\">lese i The Times<\/a>, men vi b\u00f8r ikke tro noe p\u00e5 det. Realitetene bak oppslaget ser ut til \u00e5 v\u00e6re at Ratzingers tidligere studenter, som m\u00f8tes til <strong>et uformelt seminar<\/strong> hvert \u00e5r i september, har tenkt \u00e5 ta Martin Luther opp til dikusjon i \u00e5r, og at kardinal Kasper nylig m\u00e5 ha sagt noe positivt om Luther &#8211; men s\u00e5 langt vet jeg ikke hva det er. Slik leser vi i Timesonline:<\/p>\n<p><i><font color=\"#333399\">Pope Benedict XVI is to rehabilitate Martin Luther, arguing that he did not intend to split Christianity but only to purge the Church of corrupt practices.<\/p>\n<p>Pope Benedict will issue his findings on Luther (1483-1546) in September after discussing him at his annual seminar of 40 fellow theologians \u2014 known as the Ratzinger Sch\u00fclerkreis \u2014 at Castelgandolfo, the papal summer residence. According to Vatican insiders the Pope will argue that Luther, who was excommunicated and condemned for heresy, was not a heretic.<\/p>\n<p>Cardinal Walter Kasper, the head of the pontifical Council for Promoting Christian Unity, said the move would help to promote ecumenical dialogue between Catholics and Protestants. It is also designed to counteract the impact of July&#8217;s papal statement describing the Protestant and Orthodox faiths as defective and \u201cnot proper Churches\u201d.<\/p>\n<p>The move to re-evaluate Luther is part of a drive to soften Pope Benedict&#8217;s image as an arch conservative hardliner as he approaches the third anniversary of his election next month. <\/font><\/i><\/p>\n","protected":false},"excerpt":{"rendered":"<p>Pave Benedikt vil til h\u00f8sten rehabilitere Martin Luther. (!) Ja, dette kan vi i dag faktisk lese i The Times, men vi b\u00f8r ikke tro noe p\u00e5 det. Realitetene bak oppslaget ser ut til \u00e5 v\u00e6re at Ratzingers tidligere studenter, som m\u00f8tes til et uformelt seminar hvert \u00e5r i september, har tenkt \u00e5 ta Martin [&hellip;]<\/p>\n","protected":false},"author":2,"featured_media":0,"comment_status":"open","ping_status":"open","sticky":false,"template":"","format":"standard","meta":{"site-sidebar-layout":"default","site-content-layout":"","ast-site-content-layout":"default","site-content-style":"default","site-sidebar-style":"default","ast-global-header-display":"","ast-banner-title-visibility":"","ast-main-header-display":"","ast-hfb-above-header-display":"","ast-hfb-below-header-display":"","ast-hfb-mobile-header-display":"","site-post-title":"","ast-breadcrumbs-content":"","ast-featured-img":"","footer-sml-layout":"","ast-disable-related-posts":"","theme-transparent-header-meta":"","adv-header-id-meta":"","stick-header-meta":"","header-above-stick-meta":"","header-main-stick-meta":"","header-below-stick-meta":"","astra-migrate-meta-layouts":"default","ast-page-background-enabled":"default","ast-page-background-meta":{"desktop":{"background-color":"var(--ast-global-color-5)","background-image":"","background-repeat":"repeat","background-position":"center center","background-size":"auto","background-attachment":"scroll","background-type":"","background-media":"","overlay-type":"","overlay-color":"","overlay-opacity":"","overlay-gradient":""},"tablet":{"background-color":"","background-image":"","background-repeat":"repeat","background-position":"center center","background-size":"auto","background-attachment":"scroll","background-type":"","background-media":"","overlay-type":"","overlay-color":"","overlay-opacity":"","overlay-gradient":""},"mobile":{"background-color":"","background-image":"","background-repeat":"repeat","background-position":"center center","background-size":"auto","background-attachment":"scroll","background-type":"","background-media":"","overlay-type":"","overlay-color":"","overlay-opacity":"","overlay-gradient":""}},"ast-content-background-meta":{"desktop":{"background-color":"var(--ast-global-color-4)","background-image":"","background-repeat":"repeat","background-position":"center center","background-size":"auto","background-attachment":"scroll","background-type":"","background-media":"","overlay-type":"","overlay-color":"","overlay-opacity":"","overlay-gradient":""},"tablet":{"background-color":"var(--ast-global-color-4)","background-image":"","background-repeat":"repeat","background-position":"center center","background-size":"auto","background-attachment":"scroll","background-type":"","background-media":"","overlay-type":"","overlay-color":"","overlay-opacity":"","overlay-gradient":""},"mobile":{"background-color":"var(--ast-global-color-4)","background-image":"","background-repeat":"repeat","background-position":"center center","background-size":"auto","background-attachment":"scroll","background-type":"","background-media":"","overlay-type":"","overlay-color":"","overlay-opacity":"","overlay-gradient":""}},"footnotes":""},"categories":[14],"tags":[],"class_list":["post-3339","post","type-post","status-publish","format-standard","hentry","category-okumenikk"],"_links":{"self":[{"href":"https:\/\/aomoi.net\/blogg\/wp-json\/wp\/v2\/posts\/3339","targetHints":{"allow":["GET"]}}],"collection":[{"href":"https:\/\/aomoi.net\/blogg\/wp-json\/wp\/v2\/posts"}],"about":[{"href":"https:\/\/aomoi.net\/blogg\/wp-json\/wp\/v2\/types\/post"}],"author":[{"embeddable":true,"href":"https:\/\/aomoi.net\/blogg\/wp-json\/wp\/v2\/users\/2"}],"replies":[{"embeddable":true,"href":"https:\/\/aomoi.net\/blogg\/wp-json\/wp\/v2\/comments?post=3339"}],"version-history":[{"count":1,"href":"https:\/\/aomoi.net\/blogg\/wp-json\/wp\/v2\/posts\/3339\/revisions"}],"predecessor-version":[{"id":4742,"href":"https:\/\/aomoi.net\/blogg\/wp-json\/wp\/v2\/posts\/3339\/revisions\/4742"}],"wp:attachment":[{"href":"https:\/\/aomoi.net\/blogg\/wp-json\/wp\/v2\/media?parent=3339"}],"wp:term":[{"taxonomy":"category","embeddable":true,"href":"https:\/\/aomoi.net\/blogg\/wp-json\/wp\/v2\/categories?post=3339"},{"taxonomy":"post_tag","embeddable":true,"href":"https:\/\/aomoi.net\/blogg\/wp-json\/wp\/v2\/tags?post=3339"}],"curies":[{"name":"wp","href":"https:\/\/api.w.org\/{rel}","templated":true}]}}