{"id":3814,"date":"2009-01-03T10:00:03","date_gmt":"2009-01-03T09:00:03","guid":{"rendered":"http:\/\/aomoi.net\/blog\/arkiv\/1624"},"modified":"2012-02-13T11:25:39","modified_gmt":"2012-02-13T10:25:39","slug":"jesu-hellige-navn-navnet-jesus-blekner-aldri","status":"publish","type":"post","link":"https:\/\/aomoi.net\/blogg\/2009\/01\/jesu-hellige-navn-navnet-jesus-blekner-aldri\/","title":{"rendered":"Jesu hellige navn &#8211; Navnet Jesus blekner aldri"},"content":{"rendered":"<p><i>&laquo;Da \u00e5tte dager var g\u00e5tt (etter f\u00f8dselen) og barnet skulle omskj\u00e6res, fikk han navnet Jesus, det som engelen hadde nevnt f\u00f8r han ble unnfanget i mors liv.&raquo; Lukas 2,21.<\/i><\/p>\n<p>1. januar er Jesu navnedag (han ble omsk\u00e5ret og gitt navn \u00e5tte dager gammel), selv om denne datoen har flere andre temaer. I den gamle messen blir jesu hellige navn feiret enen 2. januar eller s\u00f8ndagen mellom 2. og 5. januar &#8211; i \u00e5r feires den s\u00f8ndag 4. januar. I den nye messen falt dagen helt bort (i 1969) men i \u00e5r 2002 kom den til bake som valgfri minnedag i dag, 3. januar.<\/p>\n<p>Jeg planlegger \u00e5 si en del om jesu hellige navn f\u00f8rstkommende s\u00f8ndag; 2. s\u00f8ndag etter jule opplever jeg som en dag mellom temaene for jul, Jesu navnedag og epifani &#8211; og dagen har kanskje aldri v\u00e6rt feiret i Norge f\u00f8r, siden vi i 40 \u00e5r (?) alltid har feiret Herrens \u00e5penbaring\/Epifani denne s\u00f8ndagen, inntil biskopen forandret dette for et \u00e5r siden.<\/p>\n<p>N\u00e5r jeg sitter og forbereder meg til dette temaet, <a href=\"\/blog\/arkiv\/616\">husker jeg pastor Fredriks ordinasjon i april 2007<\/a>, da han valgte salmen <b>Navnet Jesus blekner aldri<\/b> som fokus &#8211; i messen og p\u00e5 sitt b\u00f8nnekort:<\/p>\n<p><i>Navnet Jesus blekner aldri. T\u00e6res ei av tiden tann.<br \/>\nNavnet Jesus det er evig. Ingen det utslette kan.<br \/>\nDet har bud til unge, gamle. Skyter stadig friske skudd,<br \/>\nDet har evnen til \u00e5 samle. Alle sjeler inn til Gud.<\/p>\n<p>Refreng:<br \/>\nNavnet Jesus m\u00e5 jeg elske. Det har satt min sjel i brann.<br \/>\nVed det navnet fant jeg frelse. Intet annet frelse kan.<\/p>\n<p>Jesus navn! Hvor skj\u00f8nt det klinger. La det runge over jord!<br \/>\nIntet annet verden bringer h\u00e5p og tr\u00f8st som dette ord.<br \/>\nFor det navn m\u00e5 hatet vike, for det navn m\u00e5 ondskap fly.<br \/>\nVed det navn skal rettferds rike skyte friske skudd p\u00e5 ny.<\/p>\n<p>Midt i nattens m\u00f8rke blinker, som et fyrlys Jesu navn.<br \/>\nOg hver hjem&#8217;l\u00f8s seiler vinkes inn til frelsens trygge havn.<br \/>\nOg n\u00e5r solen mer ei skinner, Jesus-navnet lyser enn.<br \/>\nDa den frelste skare synger h\u00f8yt dets pris i himmelen.<br \/>\n<\/i><\/p>\n","protected":false},"excerpt":{"rendered":"<p>&laquo;Da \u00e5tte dager var g\u00e5tt (etter f\u00f8dselen) og barnet skulle omskj\u00e6res, fikk han navnet Jesus, det som engelen hadde nevnt f\u00f8r han ble unnfanget i mors liv.&raquo; Lukas 2,21. 1. januar er Jesu navnedag (han ble omsk\u00e5ret og gitt navn \u00e5tte dager gammel), selv om denne datoen har flere andre temaer. I den gamle messen [&hellip;]<\/p>\n","protected":false},"author":2,"featured_media":0,"comment_status":"open","ping_status":"open","sticky":false,"template":"","format":"standard","meta":{"site-sidebar-layout":"default","site-content-layout":"","ast-site-content-layout":"default","site-content-style":"default","site-sidebar-style":"default","ast-global-header-display":"","ast-banner-title-visibility":"","ast-main-header-display":"","ast-hfb-above-header-display":"","ast-hfb-below-header-display":"","ast-hfb-mobile-header-display":"","site-post-title":"","ast-breadcrumbs-content":"","ast-featured-img":"","footer-sml-layout":"","ast-disable-related-posts":"","theme-transparent-header-meta":"","adv-header-id-meta":"","stick-header-meta":"","header-above-stick-meta":"","header-main-stick-meta":"","header-below-stick-meta":"","astra-migrate-meta-layouts":"default","ast-page-background-enabled":"default","ast-page-background-meta":{"desktop":{"background-color":"var(--ast-global-color-5)","background-image":"","background-repeat":"repeat","background-position":"center center","background-size":"auto","background-attachment":"scroll","background-type":"","background-media":"","overlay-type":"","overlay-color":"","overlay-opacity":"","overlay-gradient":""},"tablet":{"background-color":"","background-image":"","background-repeat":"repeat","background-position":"center center","background-size":"auto","background-attachment":"scroll","background-type":"","background-media":"","overlay-type":"","overlay-color":"","overlay-opacity":"","overlay-gradient":""},"mobile":{"background-color":"","background-image":"","background-repeat":"repeat","background-position":"center center","background-size":"auto","background-attachment":"scroll","background-type":"","background-media":"","overlay-type":"","overlay-color":"","overlay-opacity":"","overlay-gradient":""}},"ast-content-background-meta":{"desktop":{"background-color":"var(--ast-global-color-4)","background-image":"","background-repeat":"repeat","background-position":"center center","background-size":"auto","background-attachment":"scroll","background-type":"","background-media":"","overlay-type":"","overlay-color":"","overlay-opacity":"","overlay-gradient":""},"tablet":{"background-color":"var(--ast-global-color-4)","background-image":"","background-repeat":"repeat","background-position":"center center","background-size":"auto","background-attachment":"scroll","background-type":"","background-media":"","overlay-type":"","overlay-color":"","overlay-opacity":"","overlay-gradient":""},"mobile":{"background-color":"var(--ast-global-color-4)","background-image":"","background-repeat":"repeat","background-position":"center center","background-size":"auto","background-attachment":"scroll","background-type":"","background-media":"","overlay-type":"","overlay-color":"","overlay-opacity":"","overlay-gradient":""}},"footnotes":""},"categories":[17,11],"tags":[],"class_list":["post-3814","post","type-post","status-publish","format-standard","hentry","category-katekisme","category-liturgi"],"_links":{"self":[{"href":"https:\/\/aomoi.net\/blogg\/wp-json\/wp\/v2\/posts\/3814","targetHints":{"allow":["GET"]}}],"collection":[{"href":"https:\/\/aomoi.net\/blogg\/wp-json\/wp\/v2\/posts"}],"about":[{"href":"https:\/\/aomoi.net\/blogg\/wp-json\/wp\/v2\/types\/post"}],"author":[{"embeddable":true,"href":"https:\/\/aomoi.net\/blogg\/wp-json\/wp\/v2\/users\/2"}],"replies":[{"embeddable":true,"href":"https:\/\/aomoi.net\/blogg\/wp-json\/wp\/v2\/comments?post=3814"}],"version-history":[{"count":1,"href":"https:\/\/aomoi.net\/blogg\/wp-json\/wp\/v2\/posts\/3814\/revisions"}],"predecessor-version":[{"id":5368,"href":"https:\/\/aomoi.net\/blogg\/wp-json\/wp\/v2\/posts\/3814\/revisions\/5368"}],"wp:attachment":[{"href":"https:\/\/aomoi.net\/blogg\/wp-json\/wp\/v2\/media?parent=3814"}],"wp:term":[{"taxonomy":"category","embeddable":true,"href":"https:\/\/aomoi.net\/blogg\/wp-json\/wp\/v2\/categories?post=3814"},{"taxonomy":"post_tag","embeddable":true,"href":"https:\/\/aomoi.net\/blogg\/wp-json\/wp\/v2\/tags?post=3814"}],"curies":[{"name":"wp","href":"https:\/\/api.w.org\/{rel}","templated":true}]}}