{"id":680,"date":"2010-11-17T11:01:16","date_gmt":"2010-11-17T10:01:16","guid":{"rendered":"http:\/\/aomoi.net\/blogg\/?p=680"},"modified":"2010-11-17T13:09:32","modified_gmt":"2010-11-17T12:09:32","slug":"bonn-for-det-uf%c3%b8dte-liv-ved-starten-av-advent","status":"publish","type":"post","link":"https:\/\/aomoi.net\/blogg\/2010\/11\/bonn-for-det-uf%c3%b8dte-liv-ved-starten-av-advent\/","title":{"rendered":"B\u00f8nn for det uf\u00f8dte liv &#8211; ved starten av advent"},"content":{"rendered":"<p>Jeg sitter n\u00e5 og forbereder en b\u00f8nnesamling for det \u00f8f\u00f8dte liv ved starten av advent i \u00e5r &#8211; her i St Hallvard kirke, l\u00f8rdag 27. november kl 17.00. Pave Benedikt minnet alle verdens katolikker om dette sist s\u00f8ndag under angelus:<\/p>\n<blockquote><p>Pope Benedict XVI is calling on all Catholics to join in a Vigil for All Nascent Human Life, to be celebrated in local parishes and dioceses Nov. 27.<\/p>\n<p>After praying the midday Angelus together with those gathered in St. Peter&#8217;s Square, the Pope recalled that the event is &laquo;a joint initiative with the local Churches throughout the world and I have recommended it to be observed in parishes, religious communities, associations and movements too.&raquo;<\/p>\n<p>&laquo;The time of preparation for Holy Christmas is a propitious moment to invoke divine protection for every human being called into existence, and also for a thanksgiving to God for the gift of life received from our parent,&raquo; he added.<\/p>\n<p>The Hoy Father will celebrate the vigil in St. Peter&#8217;s Basilica on the eve of the First Sunday of Advent. The Congregation for Divine Worship and the Sacraments and the Pontifical Council for the Family collaborated in creating an outline for the vigil.<\/p><\/blockquote>\n<p><a href=\"http:\/\/www.zenit.org\/article-30961?l=english\">Fra zenit.org<\/a> &#8211; jeg skrev ogs\u00e5 om det <a href=\"http:\/\/aomoi.net\/blogg\/2010\/10\/advent-i-ar-starter-med-bonn-for-det-ufodte-liv\/\">p\u00e5 denne bloggen 3. oktober<\/a>.<\/p>\n<p><a href=\"http:\/\/sthallvard.katolsk.no\/10_adv_ufodt_liv.htm\">Her er informasjon<\/a> om b\u00f8nnesamlingen i St Hallvard kirke &#8211; 27. november kl 17.00.<\/p>\n","protected":false},"excerpt":{"rendered":"<p>Jeg sitter n\u00e5 og forbereder en b\u00f8nnesamling for det \u00f8f\u00f8dte liv ved starten av advent i \u00e5r &#8211; her i St Hallvard kirke, l\u00f8rdag 27. november kl 17.00. Pave Benedikt minnet alle verdens katolikker om dette sist s\u00f8ndag under angelus: Pope Benedict XVI is calling on all Catholics to join in a Vigil for All [&hellip;]<\/p>\n","protected":false},"author":2,"featured_media":0,"comment_status":"open","ping_status":"open","sticky":false,"template":"","format":"standard","meta":{"site-sidebar-layout":"default","site-content-layout":"","ast-site-content-layout":"default","site-content-style":"default","site-sidebar-style":"default","ast-global-header-display":"","ast-banner-title-visibility":"","ast-main-header-display":"","ast-hfb-above-header-display":"","ast-hfb-below-header-display":"","ast-hfb-mobile-header-display":"","site-post-title":"","ast-breadcrumbs-content":"","ast-featured-img":"","footer-sml-layout":"","ast-disable-related-posts":"","theme-transparent-header-meta":"","adv-header-id-meta":"","stick-header-meta":"","header-above-stick-meta":"","header-main-stick-meta":"","header-below-stick-meta":"","astra-migrate-meta-layouts":"default","ast-page-background-enabled":"default","ast-page-background-meta":{"desktop":{"background-color":"var(--ast-global-color-5)","background-image":"","background-repeat":"repeat","background-position":"center center","background-size":"auto","background-attachment":"scroll","background-type":"","background-media":"","overlay-type":"","overlay-color":"","overlay-opacity":"","overlay-gradient":""},"tablet":{"background-color":"","background-image":"","background-repeat":"repeat","background-position":"center center","background-size":"auto","background-attachment":"scroll","background-type":"","background-media":"","overlay-type":"","overlay-color":"","overlay-opacity":"","overlay-gradient":""},"mobile":{"background-color":"","background-image":"","background-repeat":"repeat","background-position":"center center","background-size":"auto","background-attachment":"scroll","background-type":"","background-media":"","overlay-type":"","overlay-color":"","overlay-opacity":"","overlay-gradient":""}},"ast-content-background-meta":{"desktop":{"background-color":"var(--ast-global-color-4)","background-image":"","background-repeat":"repeat","background-position":"center center","background-size":"auto","background-attachment":"scroll","background-type":"","background-media":"","overlay-type":"","overlay-color":"","overlay-opacity":"","overlay-gradient":""},"tablet":{"background-color":"var(--ast-global-color-4)","background-image":"","background-repeat":"repeat","background-position":"center center","background-size":"auto","background-attachment":"scroll","background-type":"","background-media":"","overlay-type":"","overlay-color":"","overlay-opacity":"","overlay-gradient":""},"mobile":{"background-color":"var(--ast-global-color-4)","background-image":"","background-repeat":"repeat","background-position":"center center","background-size":"auto","background-attachment":"scroll","background-type":"","background-media":"","overlay-type":"","overlay-color":"","overlay-opacity":"","overlay-gradient":""}},"footnotes":""},"categories":[3,6],"tags":[],"class_list":["post-680","post","type-post","status-publish","format-standard","hentry","category-katolsk","category-paven"],"_links":{"self":[{"href":"https:\/\/aomoi.net\/blogg\/wp-json\/wp\/v2\/posts\/680","targetHints":{"allow":["GET"]}}],"collection":[{"href":"https:\/\/aomoi.net\/blogg\/wp-json\/wp\/v2\/posts"}],"about":[{"href":"https:\/\/aomoi.net\/blogg\/wp-json\/wp\/v2\/types\/post"}],"author":[{"embeddable":true,"href":"https:\/\/aomoi.net\/blogg\/wp-json\/wp\/v2\/users\/2"}],"replies":[{"embeddable":true,"href":"https:\/\/aomoi.net\/blogg\/wp-json\/wp\/v2\/comments?post=680"}],"version-history":[{"count":1,"href":"https:\/\/aomoi.net\/blogg\/wp-json\/wp\/v2\/posts\/680\/revisions"}],"predecessor-version":[{"id":681,"href":"https:\/\/aomoi.net\/blogg\/wp-json\/wp\/v2\/posts\/680\/revisions\/681"}],"wp:attachment":[{"href":"https:\/\/aomoi.net\/blogg\/wp-json\/wp\/v2\/media?parent=680"}],"wp:term":[{"taxonomy":"category","embeddable":true,"href":"https:\/\/aomoi.net\/blogg\/wp-json\/wp\/v2\/categories?post=680"},{"taxonomy":"post_tag","embeddable":true,"href":"https:\/\/aomoi.net\/blogg\/wp-json\/wp\/v2\/tags?post=680"}],"curies":[{"name":"wp","href":"https:\/\/api.w.org\/{rel}","templated":true}]}}