{"id":7025,"date":"2012-07-07T16:47:09","date_gmt":"2012-07-07T14:47:09","guid":{"rendered":"http:\/\/aomoi.net\/blogg\/?p=7025"},"modified":"2012-07-07T16:47:09","modified_gmt":"2012-07-07T14:47:09","slug":"hvordan-har-utviklingen-av-den-tradisjonelle-messen-vaert-de-siste-fem-ar","status":"publish","type":"post","link":"https:\/\/aomoi.net\/blogg\/2012\/07\/hvordan-har-utviklingen-av-den-tradisjonelle-messen-vaert-de-siste-fem-ar\/","title":{"rendered":"Hvordan har utviklingen av den tradisjonelle messen v\u00e6rt de siste fem \u00e5r?"},"content":{"rendered":"<p>Jeg <a href=\"http:\/\/aomoi.net\/blogg\/2012\/07\/kardinal-burke-snakker-om-summorum-pontificum-fem-ar-etter\/\">skrev tidligere i dag<\/a> om at det er fem \u00e5r siden pave Benedikts motu proprio om den tradisjonelle messen ble offentliggjort, og mange sp\u00f8r kanskje seg selv hva som har skjedd siden den tid. I Norge har det skjedd noe, men ikke veldig mye. Vi er tre bisped\u00f8mmeprester (alle norske) som feirer den tradisjonelle messen noenlunde ofte. Selv feirer jeg TLM offentlig to ganger hver m\u00e5ned og en privatmesse hver uke. De offentlige messene i St Joseph kunne gjerne v\u00e6rt bedre bes\u00f8kt (og her er det en oppfordring til lekfolket), men det hadde selvf\u00f8lgelig v\u00e6rt mye bedre om denne messen kunne blitt feiret hver s\u00f8ndag og p\u00e5 et bedre tidspunkt (enn kl 19.00). Disse to praktiske sp\u00f8rsm\u00e5lene nevnte jeg for bispen for noen f\u00e5 uker siden. Han skulle se p\u00e5 det, sa han &#8211; og s\u00e5 f\u00e5r vi se hva som skjer.<\/p>\n<p>Bloggen <a href=\"http:\/\/rorate-caeli.blogspot.com\/2012\/07\/070707-tell-us-5-years-of-summorum.html\">Rorate c\u00e6li har et innlegg<\/a> i dag, der de ber leserne fortelle hvordan pave Benedikts brev (og vilje) er blitt implementert der de bor: <em>&laquo;Tell us if and how the motu proprio Summorum Pontificum, of Pope Benedict XVI, has been applied in your diocese and changed your Catholic life. You do not have to identify your diocese, if you do not wish to do so (in this case, please identify at least your country).&raquo;<\/em> Dette er litt skuffende lesning, m\u00e5 man innr\u00f8mme, men det skjer i alle fall en langsom forbedring mange steder.<\/p>\n","protected":false},"excerpt":{"rendered":"<p>Jeg skrev tidligere i dag om at det er fem \u00e5r siden pave Benedikts motu proprio om den tradisjonelle messen ble offentliggjort, og mange sp\u00f8r kanskje seg selv hva som har skjedd siden den tid. I Norge har det skjedd noe, men ikke veldig mye. Vi er tre bisped\u00f8mmeprester (alle norske) som feirer den tradisjonelle [&hellip;]<\/p>\n","protected":false},"author":2,"featured_media":0,"comment_status":"open","ping_status":"open","sticky":false,"template":"","format":"standard","meta":{"site-sidebar-layout":"default","site-content-layout":"","ast-site-content-layout":"default","site-content-style":"default","site-sidebar-style":"default","ast-global-header-display":"","ast-banner-title-visibility":"","ast-main-header-display":"","ast-hfb-above-header-display":"","ast-hfb-below-header-display":"","ast-hfb-mobile-header-display":"","site-post-title":"","ast-breadcrumbs-content":"","ast-featured-img":"","footer-sml-layout":"","ast-disable-related-posts":"","theme-transparent-header-meta":"","adv-header-id-meta":"","stick-header-meta":"","header-above-stick-meta":"","header-main-stick-meta":"","header-below-stick-meta":"","astra-migrate-meta-layouts":"default","ast-page-background-enabled":"default","ast-page-background-meta":{"desktop":{"background-color":"var(--ast-global-color-5)","background-image":"","background-repeat":"repeat","background-position":"center center","background-size":"auto","background-attachment":"scroll","background-type":"","background-media":"","overlay-type":"","overlay-color":"","overlay-opacity":"","overlay-gradient":""},"tablet":{"background-color":"","background-image":"","background-repeat":"repeat","background-position":"center center","background-size":"auto","background-attachment":"scroll","background-type":"","background-media":"","overlay-type":"","overlay-color":"","overlay-opacity":"","overlay-gradient":""},"mobile":{"background-color":"","background-image":"","background-repeat":"repeat","background-position":"center center","background-size":"auto","background-attachment":"scroll","background-type":"","background-media":"","overlay-type":"","overlay-color":"","overlay-opacity":"","overlay-gradient":""}},"ast-content-background-meta":{"desktop":{"background-color":"var(--ast-global-color-4)","background-image":"","background-repeat":"repeat","background-position":"center center","background-size":"auto","background-attachment":"scroll","background-type":"","background-media":"","overlay-type":"","overlay-color":"","overlay-opacity":"","overlay-gradient":""},"tablet":{"background-color":"var(--ast-global-color-4)","background-image":"","background-repeat":"repeat","background-position":"center center","background-size":"auto","background-attachment":"scroll","background-type":"","background-media":"","overlay-type":"","overlay-color":"","overlay-opacity":"","overlay-gradient":""},"mobile":{"background-color":"var(--ast-global-color-4)","background-image":"","background-repeat":"repeat","background-position":"center center","background-size":"auto","background-attachment":"scroll","background-type":"","background-media":"","overlay-type":"","overlay-color":"","overlay-opacity":"","overlay-gradient":""}},"footnotes":""},"categories":[11,12],"tags":[],"class_list":["post-7025","post","type-post","status-publish","format-standard","hentry","category-liturgi","category-tlm"],"_links":{"self":[{"href":"https:\/\/aomoi.net\/blogg\/wp-json\/wp\/v2\/posts\/7025","targetHints":{"allow":["GET"]}}],"collection":[{"href":"https:\/\/aomoi.net\/blogg\/wp-json\/wp\/v2\/posts"}],"about":[{"href":"https:\/\/aomoi.net\/blogg\/wp-json\/wp\/v2\/types\/post"}],"author":[{"embeddable":true,"href":"https:\/\/aomoi.net\/blogg\/wp-json\/wp\/v2\/users\/2"}],"replies":[{"embeddable":true,"href":"https:\/\/aomoi.net\/blogg\/wp-json\/wp\/v2\/comments?post=7025"}],"version-history":[{"count":3,"href":"https:\/\/aomoi.net\/blogg\/wp-json\/wp\/v2\/posts\/7025\/revisions"}],"predecessor-version":[{"id":7028,"href":"https:\/\/aomoi.net\/blogg\/wp-json\/wp\/v2\/posts\/7025\/revisions\/7028"}],"wp:attachment":[{"href":"https:\/\/aomoi.net\/blogg\/wp-json\/wp\/v2\/media?parent=7025"}],"wp:term":[{"taxonomy":"category","embeddable":true,"href":"https:\/\/aomoi.net\/blogg\/wp-json\/wp\/v2\/categories?post=7025"},{"taxonomy":"post_tag","embeddable":true,"href":"https:\/\/aomoi.net\/blogg\/wp-json\/wp\/v2\/tags?post=7025"}],"curies":[{"name":"wp","href":"https:\/\/api.w.org\/{rel}","templated":true}]}}