{"id":871,"date":"2011-01-09T18:25:45","date_gmt":"2011-01-09T17:25:45","guid":{"rendered":"http:\/\/aomoi.net\/blogg\/?p=871"},"modified":"2012-06-06T22:27:41","modified_gmt":"2012-06-06T20:27:41","slug":"festen-for-den-hellige-familie-dobbelt-opp","status":"publish","type":"post","link":"https:\/\/aomoi.net\/blogg\/2011\/01\/festen-for-den-hellige-familie-dobbelt-opp\/","title":{"rendered":"Festen for den hellige familie &#8211; dobbelt opp"},"content":{"rendered":"<p>S\u00f8ndag etter jul feiret vi festen for den hellige familie, og jeg holdt en preken (husker jeg) der jeg la spesiell vekt p\u00e5 den hellige Josef. Men i dag feirer vi samme fest p\u00e5 nytt igjen (n\u00e5r vi f\u00f8lger den tradisjonelle kalenderen), og <a href=\"http:\/\/www.katolsk.no\/biografi\/familien.htm\">p\u00e5 katolsk.no<\/a> f\u00e5r vi forklaringen:<\/p>\n<blockquote><p>&#8230; Mot slutten av 1800-tallet opplevde man en krise i familieliv og moral, og ekteskapslovene begynte \u00e5 endres, blant annet med skilsmisselover. Kirken tok opp kampen p\u00e5 mange omr\u00e5der, og p\u00e5 det liturgiske omr\u00e5de ga det seg utslag i at Festen for Den hellige Familie ble innf\u00f8rt i 1893 av pave Leo XIII (1878-1903). Den ble lagt til tredje s\u00f8ndag etter Herrens \u00c5penbaring, det vil si mot slutten av januar. Men feiringen var valgfri, og ble bare innf\u00f8rt i de bisped\u00f8mmer som spurte Roma om \u00e5 f\u00e5 lov til det.<\/p>\n<p>I 1914 flyttet pave Benedikt XV (1914-22) festen til 19. januar, men i 1921 flyttet han den til f\u00f8rste s\u00f8ndag etter Herrens \u00c5penbaring. Samtidig f\u00f8rte han den inn i den universelle kalender og gjorde den obligatorisk for hele Kirken. Etter nyordningen av den kirkelige kalender i 1969 feires dagen p\u00e5 s\u00f8ndag etter juledag. &#8230;<\/p><\/blockquote>\n<p>I kveld skal jeg fokusere mer p\u00e5 krisen i selve ekteskapet i v\u00e5rt samfunn, og ta utgangspunkt i noe som skjedde sommeren 2008, da kampen mot den nye ekteskapsloven i Norge var p\u00e5 det mest intense &#8211; se gjerne innlegget jeg holdt p\u00e5 torget i Stavanger om dette.<\/p>\n","protected":false},"excerpt":{"rendered":"<p>S\u00f8ndag etter jul feiret vi festen for den hellige familie, og jeg holdt en preken (husker jeg) der jeg la spesiell vekt p\u00e5 den hellige Josef. Men i dag feirer vi samme fest p\u00e5 nytt igjen (n\u00e5r vi f\u00f8lger den tradisjonelle kalenderen), og p\u00e5 katolsk.no f\u00e5r vi forklaringen: &#8230; Mot slutten av 1800-tallet opplevde man [&hellip;]<\/p>\n","protected":false},"author":2,"featured_media":0,"comment_status":"open","ping_status":"open","sticky":false,"template":"","format":"standard","meta":{"site-sidebar-layout":"default","site-content-layout":"","ast-site-content-layout":"default","site-content-style":"default","site-sidebar-style":"default","ast-global-header-display":"","ast-banner-title-visibility":"","ast-main-header-display":"","ast-hfb-above-header-display":"","ast-hfb-below-header-display":"","ast-hfb-mobile-header-display":"","site-post-title":"","ast-breadcrumbs-content":"","ast-featured-img":"","footer-sml-layout":"","ast-disable-related-posts":"","theme-transparent-header-meta":"","adv-header-id-meta":"","stick-header-meta":"","header-above-stick-meta":"","header-main-stick-meta":"","header-below-stick-meta":"","astra-migrate-meta-layouts":"default","ast-page-background-enabled":"default","ast-page-background-meta":{"desktop":{"background-color":"var(--ast-global-color-5)","background-image":"","background-repeat":"repeat","background-position":"center center","background-size":"auto","background-attachment":"scroll","background-type":"","background-media":"","overlay-type":"","overlay-color":"","overlay-opacity":"","overlay-gradient":""},"tablet":{"background-color":"","background-image":"","background-repeat":"repeat","background-position":"center center","background-size":"auto","background-attachment":"scroll","background-type":"","background-media":"","overlay-type":"","overlay-color":"","overlay-opacity":"","overlay-gradient":""},"mobile":{"background-color":"","background-image":"","background-repeat":"repeat","background-position":"center center","background-size":"auto","background-attachment":"scroll","background-type":"","background-media":"","overlay-type":"","overlay-color":"","overlay-opacity":"","overlay-gradient":""}},"ast-content-background-meta":{"desktop":{"background-color":"var(--ast-global-color-4)","background-image":"","background-repeat":"repeat","background-position":"center center","background-size":"auto","background-attachment":"scroll","background-type":"","background-media":"","overlay-type":"","overlay-color":"","overlay-opacity":"","overlay-gradient":""},"tablet":{"background-color":"var(--ast-global-color-4)","background-image":"","background-repeat":"repeat","background-position":"center center","background-size":"auto","background-attachment":"scroll","background-type":"","background-media":"","overlay-type":"","overlay-color":"","overlay-opacity":"","overlay-gradient":""},"mobile":{"background-color":"var(--ast-global-color-4)","background-image":"","background-repeat":"repeat","background-position":"center center","background-size":"auto","background-attachment":"scroll","background-type":"","background-media":"","overlay-type":"","overlay-color":"","overlay-opacity":"","overlay-gradient":""}},"footnotes":""},"categories":[3,11],"tags":[],"class_list":["post-871","post","type-post","status-publish","format-standard","hentry","category-katolsk","category-liturgi"],"_links":{"self":[{"href":"https:\/\/aomoi.net\/blogg\/wp-json\/wp\/v2\/posts\/871","targetHints":{"allow":["GET"]}}],"collection":[{"href":"https:\/\/aomoi.net\/blogg\/wp-json\/wp\/v2\/posts"}],"about":[{"href":"https:\/\/aomoi.net\/blogg\/wp-json\/wp\/v2\/types\/post"}],"author":[{"embeddable":true,"href":"https:\/\/aomoi.net\/blogg\/wp-json\/wp\/v2\/users\/2"}],"replies":[{"embeddable":true,"href":"https:\/\/aomoi.net\/blogg\/wp-json\/wp\/v2\/comments?post=871"}],"version-history":[{"count":1,"href":"https:\/\/aomoi.net\/blogg\/wp-json\/wp\/v2\/posts\/871\/revisions"}],"predecessor-version":[{"id":6881,"href":"https:\/\/aomoi.net\/blogg\/wp-json\/wp\/v2\/posts\/871\/revisions\/6881"}],"wp:attachment":[{"href":"https:\/\/aomoi.net\/blogg\/wp-json\/wp\/v2\/media?parent=871"}],"wp:term":[{"taxonomy":"category","embeddable":true,"href":"https:\/\/aomoi.net\/blogg\/wp-json\/wp\/v2\/categories?post=871"},{"taxonomy":"post_tag","embeddable":true,"href":"https:\/\/aomoi.net\/blogg\/wp-json\/wp\/v2\/tags?post=871"}],"curies":[{"name":"wp","href":"https:\/\/api.w.org\/{rel}","templated":true}]}}